{"id":131939,"date":"2010-07-07T08:27:15","date_gmt":"2010-07-07T06:27:15","guid":{"rendered":"http:\/\/www.monblogdefille.com\/blog\/?p=131939"},"modified":"2010-07-16T17:40:18","modified_gmt":"2010-07-16T15:40:18","slug":"nayez-pas-peur-du-changement-quil-soit-choisi-ou-impose-par-oriane","status":"publish","type":"post","link":"https:\/\/www.monblogdefille.com\/blog\/nayez-pas-peur-du-changement-quil-soit-choisi-ou-impose-par-oriane\/","title":{"rendered":"N&rsquo;ayez pas peur du changement, qu&rsquo;il soit choisi ou impos\u00e9, par Oriane"},"content":{"rendered":"<p><img loading=\"lazy\" decoding=\"async\" class=\"alignnone size-full wp-image-128239\" title=\"o-toi-lectrice\" src=\"http:\/\/www.monblogdefille.com\/blog\/wp-content\/uploads\/2009\/07\/o-toi-lectrice.jpg\" alt=\"o-toi-lectrice\" width=\"500\" height=\"375\" \/><\/p>\n<p>\u00ab\u00a0Je pense que l&rsquo;on n&rsquo;est pas tenu d&rsquo;\u00eatre parfaitement stable, \u00e9quilibr\u00e9, pos\u00e9, avec ses id\u00e9es claires et plans tout trac\u00e9s. Il n&rsquo;y a pas de mal d&rsquo;avoir une part d&rsquo;incertitude en soi ; je vois \u00e7a comme une partie cr\u00e9ative de moi-m\u00eame (moi qui suis une r\u00e9aliste, les pieds bien sur terre plut\u00f4t que la t\u00eate dans les nuages) qui permet de tester, faire des essais, quitte \u00e0 reconna\u00eetre que quelque chose n&rsquo;\u00e9tait pas du tout pour moi et de revenir \u00e0 ce qu&rsquo;il y avait avant. C&rsquo;est \u00e0 travers de ces tentatives, qui parfois sont des r\u00e9ussites, d&rsquo;autre fois des \u00e9checs, que l&rsquo;on se forme, que l&rsquo;on apprend \u00e0 se conna\u00eetre.<\/p>\n<p>Et quand le changement nous est impos\u00e9 par force, puisqu&rsquo;on ne peut rien faire contre, autant tenter d&rsquo;en tirer le meilleur parti pour continuer notre chemin. Je ne dis absolument pas que l&rsquo;inconnu ne fait pas peur, qu&rsquo;il n&rsquo;est pas inqui\u00e9tant &#8211; voire terrifiant de ne pas savoir ce qui nous attend &#8211; mais seulement qu&rsquo;il ne faut pas (ou qu&rsquo;il faut essayer de ne pas) laisser l&rsquo;inconnu devenir un fardeau plus qu&rsquo;une opportunit\u00e9 de nouveaut\u00e9 et d&rsquo;apprendre de nouvelles choses, d&rsquo;une autre perspective.<\/p>\n<p>Je dis \u00e7a alors que je ne suis m\u00eame pas encore une femme, alors cela doit sonner na\u00eff ou id\u00e9aliste \u00e0 certaines de vos oreilles, mais pour le moment j&rsquo;en suis convaincue par mon v\u00e9cu. C&rsquo;est pourquoi l&rsquo;id\u00e9e de &lsquo;vieillir&rsquo; m&rsquo;attire plus que me hante, d&rsquo;ailleurs je n&rsquo;ai jamais compris pourquoi on arr\u00eate de dire que l&rsquo;on grandit pass\u00e9 ses 16 premiers anniversaires ;) Avec les ann\u00e9es on grandit en exp\u00e9rience, en savoir, et en connaissance de soi; plus le temps passe mieux on sait ce qui est bon pour soi.<\/p>\n<p>Je comprends tout \u00e0 fait que nombreuses personnes aspirent \u00e0 la stabilit\u00e9, qu&rsquo;elle soit physique et \u00e9motionnelle (d&rsquo;ailleurs on en a tous besoin dans une certaine mesure) ; mais je voudrais seulement faire seulement remarquer \u00e0 toutes celles qui h\u00e9sitent de sauter le pas, quelque soit le sujet ou l&rsquo;ampleur, qu&rsquo;on ne perd rien \u00e0 tenter autre chose, car au pire on peut toujours revenir \u00e0 ce qu&rsquo;on avait avant et au passage on aura gagn\u00e9 de l&rsquo;exp\u00e9rience, au mieux on n&rsquo;aura pas de regrets, et surtout on se sera donn\u00e9 une chance de saisir une opportunit\u00e9 unique et qui nous fera avancer en tant qu&rsquo;\u00eatre rempli de potentiel.<\/p>\n<p>Mon identit\u00e9 s&rsquo;est form\u00e9e par la multitude d&rsquo;endroits par lesquels je suis pass\u00e9e et par les gens que j&rsquo;ai connus, elle n&rsquo;est ni uniquement ma nationalit\u00e9 ni mon nom. J&rsquo;\u00e9volue.<\/p>\n<p>Sign\u00e9 : Oriane\u00a0\u00bb<\/p>\n","protected":false},"excerpt":{"rendered":"<p>\u00ab\u00a0Je pense que l&rsquo;on n&rsquo;est pas tenu d&rsquo;\u00eatre parfaitement stable, \u00e9quilibr\u00e9, pos\u00e9, avec ses id\u00e9es claires et plans tout trac\u00e9s. Il n&rsquo;y a pas de mal d&rsquo;avoir une part d&rsquo;incertitude en soi ; je vois&#8230;<br \/> <a class=\"read-more\" href=\"https:\/\/www.monblogdefille.com\/blog\/nayez-pas-peur-du-changement-quil-soit-choisi-ou-impose-par-oriane\/\">Lire la suite \u00bb<\/a><\/p>\n","protected":false},"author":3,"featured_media":128239,"comment_status":"open","ping_status":"open","sticky":false,"template":"","format":"standard","meta":{"footnotes":""},"categories":[5377],"tags":[],"class_list":["post-131939","post","type-post","status-publish","format-standard","has-post-thumbnail","hentry","category-o-toi-lectrice"],"_links":{"self":[{"href":"https:\/\/www.monblogdefille.com\/blog\/wp-json\/wp\/v2\/posts\/131939","targetHints":{"allow":["GET"]}}],"collection":[{"href":"https:\/\/www.monblogdefille.com\/blog\/wp-json\/wp\/v2\/posts"}],"about":[{"href":"https:\/\/www.monblogdefille.com\/blog\/wp-json\/wp\/v2\/types\/post"}],"author":[{"embeddable":true,"href":"https:\/\/www.monblogdefille.com\/blog\/wp-json\/wp\/v2\/users\/3"}],"replies":[{"embeddable":true,"href":"https:\/\/www.monblogdefille.com\/blog\/wp-json\/wp\/v2\/comments?post=131939"}],"version-history":[{"count":0,"href":"https:\/\/www.monblogdefille.com\/blog\/wp-json\/wp\/v2\/posts\/131939\/revisions"}],"wp:featuredmedia":[{"embeddable":true,"href":"https:\/\/www.monblogdefille.com\/blog\/wp-json\/wp\/v2\/media\/128239"}],"wp:attachment":[{"href":"https:\/\/www.monblogdefille.com\/blog\/wp-json\/wp\/v2\/media?parent=131939"}],"wp:term":[{"taxonomy":"category","embeddable":true,"href":"https:\/\/www.monblogdefille.com\/blog\/wp-json\/wp\/v2\/categories?post=131939"},{"taxonomy":"post_tag","embeddable":true,"href":"https:\/\/www.monblogdefille.com\/blog\/wp-json\/wp\/v2\/tags?post=131939"}],"curies":[{"name":"wp","href":"https:\/\/api.w.org\/{rel}","templated":true}]}}