{"id":131750,"date":"2010-06-17T17:24:45","date_gmt":"2010-06-17T15:24:45","guid":{"rendered":"http:\/\/www.monblogdefille.com\/blog\/?p=131750"},"modified":"2010-06-22T20:05:57","modified_gmt":"2010-06-22T18:05:57","slug":"enfin-du-gel-liner-en-grande-distrib","status":"publish","type":"post","link":"https:\/\/www.monblogdefille.com\/blog\/enfin-du-gel-liner-en-grande-distrib\/","title":{"rendered":"Enfin du gel liner en grande distrib&rsquo; !!!"},"content":{"rendered":"<p><img loading=\"lazy\" decoding=\"async\" class=\"alignnone size-full wp-image-131751\" title=\"liner maybelline\" src=\"http:\/\/www.monblogdefille.com\/blog\/wp-content\/uploads\/2010\/06\/liner-maybelline.jpg\" alt=\"\" width=\"500\" height=\"375\" \/><\/p>\n<p>Les enfants je suis surexcit\u00e9e (pour de vrai) : j&rsquo;ai re\u00e7u ce matin ce gel liner Maybelline. Or \u00e7a fait des si\u00e8cles que je me lamente qu&rsquo;en boutique en France (donc pas sur le net mondial), on ne trouve pas ce type produit \u00e0 moins de 16 \u20ac (chez MAC) ou 20 \u20ac (chez Bobbi Brown).<\/p>\n<p>Celui-l\u00e0 co\u00fbte 10 \u20ac !<\/p>\n<p>Allelluyah, on a enfin droit \u00e0 un produit super pratique pour pas cher ! Parce que jusqu&rsquo;ici c&rsquo;\u00e9tait r\u00e9serv\u00e9 aux am\u00e9ricaines avec la gamme HIP de l&rsquo;Or\u00e9al mais nous, macache, on pouvait se brosser (et payer 16 \u20ac minimum).<\/p>\n<p>Je viens de l&rsquo;essayer, il est parfait : super cr\u00e9meux et soyeux, tr\u00e8s noir, hyper facile \u00e0 poser ; le pinceau vendu avec est exactement du m\u00eame type que le pinceau liner de Lanc\u00f4me (donc ressemble \u00e0 un mini pinceau \u00e0 l\u00e8vres tr\u00e8s ferme), et ben m\u00eame moi qui pr\u00e9f\u00e8re les pinceaux liners tout fins, je m&rsquo;en suis sortie.<\/p>\n<p>Moi je dis, yihou quoi.<\/p>\n<p>Ah pis il est vendu depuis le mois de mai, m\u00eame pas oblig\u00e9e d&rsquo;attendre les calendes grecques. Re-yihou.<\/p>\n","protected":false},"excerpt":{"rendered":"<p>Les enfants je suis surexcit\u00e9e (pour de vrai) : j&rsquo;ai re\u00e7u ce matin ce gel liner Maybelline. Or \u00e7a fait des si\u00e8cles que je me lamente qu&rsquo;en boutique en France (donc pas sur le net&#8230;<br \/> <a class=\"read-more\" href=\"https:\/\/www.monblogdefille.com\/blog\/enfin-du-gel-liner-en-grande-distrib\/\">Lire la suite \u00bb<\/a><\/p>\n","protected":false},"author":3,"featured_media":131751,"comment_status":"open","ping_status":"open","sticky":false,"template":"","format":"standard","meta":{"footnotes":""},"categories":[1485],"tags":[],"class_list":["post-131750","post","type-post","status-publish","format-standard","has-post-thumbnail","hentry","category-le-maquillage"],"_links":{"self":[{"href":"https:\/\/www.monblogdefille.com\/blog\/wp-json\/wp\/v2\/posts\/131750","targetHints":{"allow":["GET"]}}],"collection":[{"href":"https:\/\/www.monblogdefille.com\/blog\/wp-json\/wp\/v2\/posts"}],"about":[{"href":"https:\/\/www.monblogdefille.com\/blog\/wp-json\/wp\/v2\/types\/post"}],"author":[{"embeddable":true,"href":"https:\/\/www.monblogdefille.com\/blog\/wp-json\/wp\/v2\/users\/3"}],"replies":[{"embeddable":true,"href":"https:\/\/www.monblogdefille.com\/blog\/wp-json\/wp\/v2\/comments?post=131750"}],"version-history":[{"count":0,"href":"https:\/\/www.monblogdefille.com\/blog\/wp-json\/wp\/v2\/posts\/131750\/revisions"}],"wp:featuredmedia":[{"embeddable":true,"href":"https:\/\/www.monblogdefille.com\/blog\/wp-json\/wp\/v2\/media\/131751"}],"wp:attachment":[{"href":"https:\/\/www.monblogdefille.com\/blog\/wp-json\/wp\/v2\/media?parent=131750"}],"wp:term":[{"taxonomy":"category","embeddable":true,"href":"https:\/\/www.monblogdefille.com\/blog\/wp-json\/wp\/v2\/categories?post=131750"},{"taxonomy":"post_tag","embeddable":true,"href":"https:\/\/www.monblogdefille.com\/blog\/wp-json\/wp\/v2\/tags?post=131750"}],"curies":[{"name":"wp","href":"https:\/\/api.w.org\/{rel}","templated":true}]}}