{"id":13152,"date":"2006-03-13T09:21:13","date_gmt":"2006-03-13T08:21:13","guid":{"rendered":"http:\/\/localhost\/wordpress\/?p=13152"},"modified":"2012-09-26T18:23:55","modified_gmt":"2012-09-26T16:23:55","slug":"qui-portez-vous-autour-du-cou","status":"publish","type":"post","link":"https:\/\/www.monblogdefille.com\/blog\/qui-portez-vous-autour-du-cou\/","title":{"rendered":"Qui portez-vous autour du cou ?"},"content":{"rendered":"<p><img decoding=\"async\" src=\"wp-content\/themes\/default\/images\/diams.jpg\" alt=\"diams\" align=\"left\" hspace=\"5\" \/>Moi j\u2019ai ma m\u00e8re autour du cou et mon mec au doigt.<\/p>\n<p>Trad = je ne quitte pas le pendentif en diamant que ma maman m\u2019a offert pour mes 30 ans, ni la bague (en diamants aussi, quand je vous dis que j\u2019adore \u00e7a) que l\u2019Homme m\u2019a offert pour mes 35.<\/p>\n<p>Avec un peu de bol j\u2019aurai un diad\u00e8me pour les 40, mais \u00e7a sera moins facile \u00e0 porter.<\/p>\n<p>Le pendentif je ne l\u2019enl\u00e8ve jamais, sauf quand je vais au hammam ou chez mon esth\u00e9ticienne, pour les massages c\u2019est mieux. J\u2019ai toujours la trouille de me faire cambrioler pile \u00e0 ce moment-l\u00e0, j\u2019y pense \u00e0 chaque fois avec appr\u00e9hension.<\/p>\n<p>Quant \u00e0 la bague je ne sors pas sans elle (toujours par peur des cambrioleurs, et parce que je me sens nue si je ne l\u2019ai pas sur moi). Si je l\u2019oublie je remonte la chercher, j\u2019aime pas la laisser seule \u00e0 la maison.<\/p>\n<p>Quand je vais en Inde \u00e9videmment j\u2019emporte pas mes diams, mais \u00e7a me co\u00fbte de les abandonner aussi longtemps. La derni\u00e8re fois je les avais laiss\u00e9 \u00e0 ma m\u00e8re, elle \u00e9tait t\u00e9tanis\u00e9e \u00e0 l\u2019id\u00e9e que le cambrioleur vienne chez elle au lieu de chez moi. J\u2019ai m\u00eame pens\u00e9 \u00e0 prendre un coffre \u00e0 la banque mais \u00e0 l\u2019\u00e9poque j\u2019\u00e9tais pauvre et le prix m\u2019avait fait renoncer. Aujourd\u2019hui je le ferais sans h\u00e9siter, ne serait-ce que pour \u00e9viter \u00e0 ma m\u00e8re de se faire des cheveux (j\u2019adore cette expression, c\u2019est super ringard).<\/p>\n<p>J\u2019ai bien entendu des milliards d\u2019autres bijoux, en g\u00e9n\u00e9ral en toc, que je ne porte quasiment jamais, et je ne les sauverais sans doute pas de l\u2019incendie avec le m\u00eame empressement que ces deux-l\u00e0.<br \/>\nTout \u00e7a pour dire un truc pas du tout original et que vous savez toutes : la valeur affective est bien la plus importante (du moment qu\u2019on parle de diamants ;-)).<\/p>\n<p>Et vous, qui portez-vous autour du cou (ou ailleurs, je suis pas difficile hein, z\u2019avez le droit de porter le m\u00e9daillon de votre grand-m\u00e8re en piercing au genou si \u00e7a vous fait plaisir) ?<\/p>\n","protected":false},"excerpt":{"rendered":"<p>Moi j\u2019ai ma m\u00e8re autour du cou et mon mec au doigt. Trad = je ne quitte pas le pendentif en diamant que ma maman m\u2019a offert pour mes 30 ans, ni la bague (en&#8230;<br \/> <a class=\"read-more\" href=\"https:\/\/www.monblogdefille.com\/blog\/qui-portez-vous-autour-du-cou\/\">Lire la suite \u00bb<\/a><\/p>\n","protected":false},"author":3,"featured_media":0,"comment_status":"open","ping_status":"open","sticky":false,"template":"","format":"standard","meta":{"footnotes":""},"categories":[20125],"tags":[20098,19955],"class_list":["post-13152","post","type-post","status-publish","format-standard","hentry","category-bijoux","tag-bijoux","tag-diamants"],"_links":{"self":[{"href":"https:\/\/www.monblogdefille.com\/blog\/wp-json\/wp\/v2\/posts\/13152","targetHints":{"allow":["GET"]}}],"collection":[{"href":"https:\/\/www.monblogdefille.com\/blog\/wp-json\/wp\/v2\/posts"}],"about":[{"href":"https:\/\/www.monblogdefille.com\/blog\/wp-json\/wp\/v2\/types\/post"}],"author":[{"embeddable":true,"href":"https:\/\/www.monblogdefille.com\/blog\/wp-json\/wp\/v2\/users\/3"}],"replies":[{"embeddable":true,"href":"https:\/\/www.monblogdefille.com\/blog\/wp-json\/wp\/v2\/comments?post=13152"}],"version-history":[{"count":0,"href":"https:\/\/www.monblogdefille.com\/blog\/wp-json\/wp\/v2\/posts\/13152\/revisions"}],"wp:attachment":[{"href":"https:\/\/www.monblogdefille.com\/blog\/wp-json\/wp\/v2\/media?parent=13152"}],"wp:term":[{"taxonomy":"category","embeddable":true,"href":"https:\/\/www.monblogdefille.com\/blog\/wp-json\/wp\/v2\/categories?post=13152"},{"taxonomy":"post_tag","embeddable":true,"href":"https:\/\/www.monblogdefille.com\/blog\/wp-json\/wp\/v2\/tags?post=13152"}],"curies":[{"name":"wp","href":"https:\/\/api.w.org\/{rel}","templated":true}]}}