{"id":13139,"date":"2006-02-27T08:16:37","date_gmt":"2006-02-27T08:16:37","guid":{"rendered":"http:\/\/localhost\/wordpress\/?p=13139"},"modified":"2008-05-23T16:25:43","modified_gmt":"2008-05-23T14:25:43","slug":"soiree-troc-le-compte-rendu","status":"publish","type":"post","link":"https:\/\/www.monblogdefille.com\/blog\/soiree-troc-le-compte-rendu\/","title":{"rendered":"Soir\u00e9e troc, le compte rendu"},"content":{"rendered":"<p><img decoding=\"async\" src=\"wp-content\/themes\/default\/images\/troc3.jpg\" alt=\"troc\" align=\"right\" hspace=\"5\" \/>Samedi 25 f\u00e9vrier avait lieu \u00e0 Paris la premi\u00e8re soir\u00e9e troc facholandienne.<\/p>\n<p>Esme s\u2019\u00e9tait courageusement port\u00e9e volontaire pour accueillir chez elle des hordes d\u2019inconnues d\u00e9cha\u00een\u00e9es par la perspective de d\u00e9gotter le sac Balenciaga dont une copine ne voudrait plus, et tout le monde avait promis d\u2019apporter un truc \u00e0 manger pour qu\u2019on se batte pas l\u2019estomac vide autour du sac en question.<\/p>\n<p>Apr\u00e8s avoir retourn\u00e9 mon armoire et essay\u00e9 douze tenues, h\u00e9sitant \u00e0 me la jouer Facholand \u00e0 mort sa race et tenue girlie-p\u00e9tasse, j\u2019ai opt\u00e9 pour le confort et la simplicit\u00e9. Donc jean-bottes-pull-cheveux attach\u00e9s-lunettes (pour voir les gens, sinon autant rester devant ma t\u00e9l\u00e9). Un bon petit look de bonne soeur, mais tant pis, pour \u00eatre assise par terre pendant quatre heures d\u2019affil\u00e9e, c\u2019\u00e9tait pas plus mal.<\/p>\n<p>J\u2019avais l\u2019intention de me rendre sur les lieux en taxi, histoire de pas m\u2019emb\u00eater avec mes douze bignaches (\u00e7a veut dire sacs dans mon patois maternel) dans le m\u00e9tro, mais Marion a gentiment propos\u00e9 de passer me prendre en voiture.<\/p>\n<p>C\u2019\u00e9tait une id\u00e9e atroce (comme quoi une bonne action vous retombe toujours sur la gueule), on a pass\u00e9 une heure et demie dans les embouteillages parisiens du samedi soir. Je me plaignais am\u00e8rement de crever de faim pendant que Marion s\u2019\u00e9gosillait \u00ab j\u2019en ai marre !!! \u00bb par le vitre baiss\u00e9e. Un vrai bon moment girlie ;-)<\/p>\n<p>Sur la voie Geroges Pompidou on a failli se taper le cake morbier-bacon et la vodka qui \u00e9taient dans le coffre, tellement on en avait marre.<\/p>\n<p>Mais la soir\u00e9e m\u00e9ritait ce petit passage difficile. Celles qui n\u2019ont pas pu venir devraient s\u2019inscrire d\u00e8s maintenant pour la prochaine ;-)<\/p>\n<p>Une fois les app\u00e9tits calm\u00e9s (et un saladier de Cosmo vid\u00e9), on a mis tout ce qu\u2019on avait apport\u00e9 au milieu de la pi\u00e8ce, on s\u2019est assises par terre autour et on a commenc\u00e9 \u00e0 examiner le butin.<\/p>\n<p>J\u2019avais crains qu\u2019on se batte pour une paire de pompes, mais chacune \u00e9tait hyper bien \u00e9lev\u00e9e (comment ai-je pu en douter ??) et v\u00e9rifiait syst\u00e9matiquement qu\u2019elle \u00e9tait la seule sur le coup avant d\u2019embarquer un tube de fond de teint, un sautoir ou un pull.<\/p>\n<p>L\u2019une ou l\u2019autre partait de temps en temps dans la chambre d\u2019Esme essayer un pantalon ou un soutif, pouss\u00e9e par les autres \u00ab mais si essaye le, \u00e7a va t\u2019aller hyper bien \u00bb, puis \u00ab mais si prend le ! mais non personne d\u2019autre n\u2019en veut ! \u00bb.<\/p>\n<p>J\u2019ai notamment r\u00e9cup\u00e9r\u00e9 une magnifique paire d\u2019escarpins Sonia Rykiel en daim marron \u00e0 talons vertigineux, apport\u00e9s par Val\u00e9rie_B, et un grand flacon de Cristalle, mon parfum pr\u00e9f\u00e9r\u00e9 entre tous, aupr\u00e8s d\u2019Alice. Je peux vous dire que j\u2019\u00e9tais assez ravie !<\/p>\n<p>Beaucoup de choses ont chang\u00e9 de mains, et je suis repartie moins charg\u00e9e que je ne l\u2019\u00e9tais en arrivant (pas mal non ?).<\/p>\n<p>J\u2019ai eu l\u2019impression que tout le monde passait un bon moment, quand est-ce qu\u2019on recommence ? Ah oui, va falloir qu\u2019on aille acheter d\u2019autres trucs \u00e0 donner, d\u2019abord ! ;-)<\/p>\n","protected":false},"excerpt":{"rendered":"<p>Samedi 25 f\u00e9vrier avait lieu \u00e0 Paris la premi\u00e8re soir\u00e9e troc facholandienne. Esme s\u2019\u00e9tait courageusement port\u00e9e volontaire pour accueillir chez elle des hordes d\u2019inconnues d\u00e9cha\u00een\u00e9es par la perspective de d\u00e9gotter le sac Balenciaga dont une&#8230;<br \/> <a class=\"read-more\" href=\"https:\/\/www.monblogdefille.com\/blog\/soiree-troc-le-compte-rendu\/\">Lire la suite \u00bb<\/a><\/p>\n","protected":false},"author":3,"featured_media":0,"comment_status":"open","ping_status":"open","sticky":false,"template":"","format":"standard","meta":{"footnotes":""},"categories":[1],"tags":[19942],"class_list":["post-13139","post","type-post","status-publish","format-standard","hentry","category-uncategorized","tag-troc"],"_links":{"self":[{"href":"https:\/\/www.monblogdefille.com\/blog\/wp-json\/wp\/v2\/posts\/13139","targetHints":{"allow":["GET"]}}],"collection":[{"href":"https:\/\/www.monblogdefille.com\/blog\/wp-json\/wp\/v2\/posts"}],"about":[{"href":"https:\/\/www.monblogdefille.com\/blog\/wp-json\/wp\/v2\/types\/post"}],"author":[{"embeddable":true,"href":"https:\/\/www.monblogdefille.com\/blog\/wp-json\/wp\/v2\/users\/3"}],"replies":[{"embeddable":true,"href":"https:\/\/www.monblogdefille.com\/blog\/wp-json\/wp\/v2\/comments?post=13139"}],"version-history":[{"count":0,"href":"https:\/\/www.monblogdefille.com\/blog\/wp-json\/wp\/v2\/posts\/13139\/revisions"}],"wp:attachment":[{"href":"https:\/\/www.monblogdefille.com\/blog\/wp-json\/wp\/v2\/media?parent=13139"}],"wp:term":[{"taxonomy":"category","embeddable":true,"href":"https:\/\/www.monblogdefille.com\/blog\/wp-json\/wp\/v2\/categories?post=13139"},{"taxonomy":"post_tag","embeddable":true,"href":"https:\/\/www.monblogdefille.com\/blog\/wp-json\/wp\/v2\/tags?post=13139"}],"curies":[{"name":"wp","href":"https:\/\/api.w.org\/{rel}","templated":true}]}}