{"id":13124,"date":"2006-02-15T10:07:54","date_gmt":"2006-02-15T10:07:54","guid":{"rendered":"http:\/\/localhost\/wordpress\/?p=13124"},"modified":"2006-10-02T12:48:55","modified_gmt":"2006-10-02T12:48:55","slug":"a-la-demande-generale","status":"publish","type":"post","link":"https:\/\/www.monblogdefille.com\/blog\/a-la-demande-generale\/","title":{"rendered":"A la demande g\u00e9n\u00e9rale&#8230;"},"content":{"rendered":"<p><img decoding=\"async\" src=\"wp-content\/themes\/default\/images\/parisien2.jpg\" alt=\"parisien\" align=\"left\" hspace=\"5px\"\/><\/p>\n<p>&#8230; je vais vous interpr\u00e9ter El Sombrero ! Quoi vous connaissez pas cette histoire dr\u00f4le ? Elle est g\u00e9niale, je vous la raconterai \u00e0 l&rsquo;occasion.<br \/>\n<br \/>Voici donc l&rsquo;article du Parisien, j&rsquo;ai mis la photo en immense pour qu&rsquo;on puisse (plus ou moins) lire \u00e0 l&rsquo;\u00e9cran, pas parce que j&rsquo;ai la grosse t\u00eate ;-))<br \/>\n<br \/>Je suis ravie, la journaliste parle beaucoup de Deedee, je lui avais dit que c&rsquo;\u00e9tait ma copine, elle a compl\u00e8tement hallucin\u00e9 quand je lui ai parl\u00e9 de la blogosph\u00e8re !<br \/>\n<br \/>Bon alors je tiens \u00e0 pr\u00e9ciser que j&rsquo;ai 35 ans et non 34, qu&rsquo;il n&rsquo;y a pas d&rsquo;s \u00e0 la fin de mon URL, et que je suis beaucoup moins moche en vrai que sur cette photo (qui n&rsquo;est pas celle que j&rsquo;avais choisi, non mais).<br \/>\n<br \/>Encore un grand merci \u00e0 Sandrine (<a href=\"http:\/\/poupoune13.viabloga.com\/\" hreflang=\"fr\" target=\"_blank\" rel=\"noopener\">un blog de poulette<\/a>) qui m&rsquo;a envoy\u00e9 cette journaliste, la gloire pour une parisienne gr\u00e2ce \u00e0 une marseillaise, c&rsquo;est pas beau \u00e7a ? <\/p>\n","protected":false},"excerpt":{"rendered":"<p>&#8230; je vais vous interpr\u00e9ter El Sombrero ! Quoi vous connaissez pas cette histoire dr\u00f4le ? Elle est g\u00e9niale, je vous la raconterai \u00e0 l&rsquo;occasion. Voici donc l&rsquo;article du Parisien, j&rsquo;ai mis la photo en&#8230;<br \/> <a class=\"read-more\" href=\"https:\/\/www.monblogdefille.com\/blog\/a-la-demande-generale\/\">Lire la suite \u00bb<\/a><\/p>\n","protected":false},"author":3,"featured_media":0,"comment_status":"open","ping_status":"open","sticky":false,"template":"","format":"standard","meta":{"footnotes":""},"categories":[1504],"tags":[],"class_list":["post-13124","post","type-post","status-publish","format-standard","hentry","category-revue-de-presse"],"_links":{"self":[{"href":"https:\/\/www.monblogdefille.com\/blog\/wp-json\/wp\/v2\/posts\/13124","targetHints":{"allow":["GET"]}}],"collection":[{"href":"https:\/\/www.monblogdefille.com\/blog\/wp-json\/wp\/v2\/posts"}],"about":[{"href":"https:\/\/www.monblogdefille.com\/blog\/wp-json\/wp\/v2\/types\/post"}],"author":[{"embeddable":true,"href":"https:\/\/www.monblogdefille.com\/blog\/wp-json\/wp\/v2\/users\/3"}],"replies":[{"embeddable":true,"href":"https:\/\/www.monblogdefille.com\/blog\/wp-json\/wp\/v2\/comments?post=13124"}],"version-history":[{"count":0,"href":"https:\/\/www.monblogdefille.com\/blog\/wp-json\/wp\/v2\/posts\/13124\/revisions"}],"wp:attachment":[{"href":"https:\/\/www.monblogdefille.com\/blog\/wp-json\/wp\/v2\/media?parent=13124"}],"wp:term":[{"taxonomy":"category","embeddable":true,"href":"https:\/\/www.monblogdefille.com\/blog\/wp-json\/wp\/v2\/categories?post=13124"},{"taxonomy":"post_tag","embeddable":true,"href":"https:\/\/www.monblogdefille.com\/blog\/wp-json\/wp\/v2\/tags?post=13124"}],"curies":[{"name":"wp","href":"https:\/\/api.w.org\/{rel}","templated":true}]}}