{"id":131233,"date":"2010-05-18T08:36:59","date_gmt":"2010-05-18T06:36:59","guid":{"rendered":"http:\/\/www.monblogdefille.com\/blog\/?p=131233"},"modified":"2010-05-21T22:11:26","modified_gmt":"2010-05-21T20:11:26","slug":"comment-reconnaitre-du-maquillage-de-qualite","status":"publish","type":"post","link":"https:\/\/www.monblogdefille.com\/blog\/comment-reconnaitre-du-maquillage-de-qualite\/","title":{"rendered":"Comment reconna\u00eetre du maquillage de qualit\u00e9 ?"},"content":{"rendered":"<p><img loading=\"lazy\" decoding=\"async\" class=\"alignnone size-full wp-image-131234\" title=\"mallette\" src=\"http:\/\/www.monblogdefille.com\/blog\/wp-content\/uploads\/2010\/05\/mallette1.jpg\" alt=\"\" width=\"500\" height=\"375\" \/><\/p>\n<p>L&rsquo;autre jour, l&rsquo;une d&rsquo;entre vous m&rsquo;a pos\u00e9 cette question dans un commentaire.<\/p>\n<p>C\u2019est pas une question \u00e9vidente, surtout parce que la \u00ab\u00a0bonne qualit\u00e9\u00a0\u00bb est une notion tr\u00e8s subjective : pour moi &#8211; et si on parle de fard \u00e0 paupi\u00e8res (c&rsquo;est typiquement LE produit sur lequel il y a des \u00e9carts de qualit\u00e9 \u00e9normes d&rsquo;une marque \u00e0 l&rsquo;autre), \u00e7a sera un fard bien pigment\u00e9 et qui tient longtemps, donc d\u2019une marque pro genre Make Up Forever ou MAC (ou Urban Decay, Nars, etc) ; pour des gens moins habitu\u00e9s au maquillage ce sera un fard Guerlain (ou Dior ou Chanel, etc) parce que la marque les fait r\u00eaver.<\/p>\n<p>En g\u00e9n\u00e9ral on ne prend pas de risques avec les marques pros pour le fard \u00e0 paupi\u00e8res (mais perso chez MAC je n&rsquo;aime ni les mascaras ni les fonds de teint). En revanche certains de ces fards (comme ceux de Make Up Forever, par exemple), sont plus pigment\u00e9s et donc parfois plus difficiles \u00e0 travailler (par contre ils ont mon mascara pr\u00e9f\u00e9r\u00e9 au monde et leurs produits teint sont top).<\/p>\n<p>Justement, je posais un jour la question au maquilleur d&rsquo;Armani :<\/p>\n<p>&#8211; \u00ab\u00a0Mais pourquoi vos fards sont-il si peu pigment\u00e9s, bon sang ?? C&rsquo;est quand m\u00eame dommage pour d&rsquo;aussi jolies couleurs !\u00a0\u00bb<\/p>\n<p>&#8211; \u00ab\u00a0Parce qu&rsquo;on fait du maquillage pour les femmes qui ne savent pas se maquiller <em>[note d&rsquo;H\u00e9l\u00e8ne : ce n&rsquo;est pas p\u00e9joratif, c&rsquo;est par comparaison \u00e0 un maquilleur pro]<\/em>, et si on leur donne un fard hyper pigment\u00e9, elles vont se louper\u00a0\u00bb. Effectivement, \u00e7a tient debout. Et \u00e7a vaut pour les Chanel et autres (Dior mis \u00e0 part, certains de leurs fards ont une vraie intensit\u00e9, bien que restant tr\u00e8s faciles \u00e0 estomper).<\/p>\n<p>Donc la qualit\u00e9 n&rsquo;est \u00e9videmment pas une question de prix (pour vous en convaincre, regardez les fards Sleek, il ne co\u00fbtent rien et sont g\u00e9niaux).<\/p>\n<p>En grande distrib&rsquo; le mascara, le blush, le vernis \u00e0 ongles, le gloss, et de plus en plus de fonds de teint et de rouges \u00e0 l\u00e8vres, sont tr\u00e8s bien faits et valent vraiment le coup. Attention aux crayons pour les yeux, pas toujours assez gras (\u00e0 tester sur la main avant d&rsquo;acheter).<\/p>\n<p>Les marques de luxe ont g\u00e9n\u00e9ralement de tr\u00e8s bons produits pour le teint et de beaux rouges \u00e0 l\u00e8vres. Par contre leurs vernis sont pour moi d&rsquo;un mauvais rapport qualit\u00e9-prix (surtout compar\u00e9s \u00e0 ceux de la grande distribution, 3 \u00e0 4 fois moins chers et pas du tout 3 \u00e0 4 fois moins bien ;-).<\/p>\n<p>Chez les pros donc, le fard \u00e0 paupi\u00e8res avant tout, les crayons (pour les yeux et les l\u00e8vres), le rouge \u00e0 l\u00e8vres et le gloss, le fond de teint quand m\u00eame pour la gamme de couleurs introuvable ailleurs, et les \u00ab\u00a0astuces\u00a0\u00bb, type bases paupi\u00e8res, fixateurs&#8230;<\/p>\n<p>Bien s\u00fbr je ne parle que des marques que je connais, apr\u00e8s il y a toutes celles que je ne connais pas (sans compter l&rsquo;Internet Mondial), \u00e7a fait du monde ;-)<\/p>\n<p>PS : cette photo date du 13 avril 2008&#8230; elle n&rsquo;est plus du tout d&rsquo;actualit\u00e9, tout \u00e7a s&rsquo;est violemment multipli\u00e9 depuis ;-))<\/p>\n","protected":false},"excerpt":{"rendered":"<p>L&rsquo;autre jour, l&rsquo;une d&rsquo;entre vous m&rsquo;a pos\u00e9 cette question dans un commentaire. C\u2019est pas une question \u00e9vidente, surtout parce que la \u00ab\u00a0bonne qualit\u00e9\u00a0\u00bb est une notion tr\u00e8s subjective : pour moi &#8211; et si on&#8230;<br \/> <a class=\"read-more\" href=\"https:\/\/www.monblogdefille.com\/blog\/comment-reconnaitre-du-maquillage-de-qualite\/\">Lire la suite \u00bb<\/a><\/p>\n","protected":false},"author":3,"featured_media":131234,"comment_status":"open","ping_status":"open","sticky":false,"template":"","format":"standard","meta":{"footnotes":""},"categories":[1485],"tags":[],"class_list":["post-131233","post","type-post","status-publish","format-standard","has-post-thumbnail","hentry","category-le-maquillage"],"_links":{"self":[{"href":"https:\/\/www.monblogdefille.com\/blog\/wp-json\/wp\/v2\/posts\/131233","targetHints":{"allow":["GET"]}}],"collection":[{"href":"https:\/\/www.monblogdefille.com\/blog\/wp-json\/wp\/v2\/posts"}],"about":[{"href":"https:\/\/www.monblogdefille.com\/blog\/wp-json\/wp\/v2\/types\/post"}],"author":[{"embeddable":true,"href":"https:\/\/www.monblogdefille.com\/blog\/wp-json\/wp\/v2\/users\/3"}],"replies":[{"embeddable":true,"href":"https:\/\/www.monblogdefille.com\/blog\/wp-json\/wp\/v2\/comments?post=131233"}],"version-history":[{"count":0,"href":"https:\/\/www.monblogdefille.com\/blog\/wp-json\/wp\/v2\/posts\/131233\/revisions"}],"wp:featuredmedia":[{"embeddable":true,"href":"https:\/\/www.monblogdefille.com\/blog\/wp-json\/wp\/v2\/media\/131234"}],"wp:attachment":[{"href":"https:\/\/www.monblogdefille.com\/blog\/wp-json\/wp\/v2\/media?parent=131233"}],"wp:term":[{"taxonomy":"category","embeddable":true,"href":"https:\/\/www.monblogdefille.com\/blog\/wp-json\/wp\/v2\/categories?post=131233"},{"taxonomy":"post_tag","embeddable":true,"href":"https:\/\/www.monblogdefille.com\/blog\/wp-json\/wp\/v2\/tags?post=131233"}],"curies":[{"name":"wp","href":"https:\/\/api.w.org\/{rel}","templated":true}]}}