{"id":131193,"date":"2010-05-14T08:24:25","date_gmt":"2010-05-14T06:24:25","guid":{"rendered":"http:\/\/www.monblogdefille.com\/blog\/?p=131193"},"modified":"2011-12-31T18:34:56","modified_gmt":"2011-12-31T17:34:56","slug":"qui-met-un-ecran-solaire-au-quotidien-en-ville-sans-sexposer","status":"publish","type":"post","link":"https:\/\/www.monblogdefille.com\/blog\/qui-met-un-ecran-solaire-au-quotidien-en-ville-sans-sexposer\/","title":{"rendered":"Qui met un \u00e9cran solaire au quotidien, en ville, sans s&rsquo;exposer ?"},"content":{"rendered":"<p><img loading=\"lazy\" decoding=\"async\" class=\"alignnone size-full wp-image-131195\" title=\"bibli new york\" src=\"http:\/\/www.monblogdefille.com\/blog\/wp-content\/uploads\/2010\/05\/bibli-new-york.jpg\" alt=\"\" width=\"500\" height=\"667\" \/><\/p>\n<p>Attention, j&rsquo;ai bien dit SANS S&rsquo;EXPOSER. Si on s&rsquo;expose \u00e9videmment on met de la cr\u00e8me solaire, c&rsquo;est pas du tout le m\u00eame sujet.<\/p>\n<p>Je suis donc en train de m&rsquo;interroger sur le nombre de filles qui mettent un \u00e9cran solaire \u00e0 7h\/8h du matin avant d&rsquo;aller au bureau (ou \u00e9quivalent prot\u00e9g\u00e9 du soleil), pour en ressortir \u00e0 18h, grosso modo.<\/p>\n<p><span style=\"text-decoration: underline;\"><em>Sachant qu&rsquo;un filtre solaire n&rsquo;est efficace que 2 heures.<\/em><\/span><\/p>\n<p>Si vous avez une cr\u00e8me de jour avec un indice 15 ou plus \u00e7a compte pour un \u00ab\u00a0oui\u00a0\u00bb.<\/p>\n<p>Pourquoi je vous demande \u00e7a ? Parce que j&rsquo;ai pas d&rsquo;autre id\u00e9e de billet aujourd&rsquo;hui ;-)))<\/p>\n<p>Mais aussi parce que les comportements face au soleil ont vachement chang\u00e9 (pour basculer un peu \u00e0 l&rsquo;autre extr\u00eame), et que du coup j&rsquo;aimerais bien savoir comment \u00e7a marche chez vous.<\/p>\n<p>PS : je pr\u00e9cise que perso je ne mets pas d&rsquo;\u00e9cran solaire en ville, \u00e7a sert \u00e0 rien : d&rsquo;abord j&rsquo;habite \u00e0 Paris encha\u00een\u00e9e \u00e0 un clavier d&rsquo;ordinateur dans un appart plein nord, et quand par hasard je vais dehors et qu&rsquo;il il y a du soleil, je marche \u00e0 l&rsquo;ombre (d\u00e9jeuner au soleil en terrasse ?? Et pourquoi pas faire des UV, pendant qu&rsquo;on y est ?).<\/p>\n<p>[poll id=\u00a0\u00bb7&Prime;]<\/p>\n<p><strong>PS <\/strong>: allez donc lire l&rsquo;article sur les id\u00e9es re\u00e7ues \u00e0 propos du soleil dans le Votre Beaut\u00e9 de juin, c&rsquo;est tr\u00e8s int\u00e9ressant.<\/p>\n","protected":false},"excerpt":{"rendered":"<p>Attention, j&rsquo;ai bien dit SANS S&rsquo;EXPOSER. Si on s&rsquo;expose \u00e9videmment on met de la cr\u00e8me solaire, c&rsquo;est pas du tout le m\u00eame sujet. Je suis donc en train de m&rsquo;interroger sur le nombre de filles&#8230;<br \/> <a class=\"read-more\" href=\"https:\/\/www.monblogdefille.com\/blog\/qui-met-un-ecran-solaire-au-quotidien-en-ville-sans-sexposer\/\">Lire la suite \u00bb<\/a><\/p>\n","protected":false},"author":3,"featured_media":131195,"comment_status":"open","ping_status":"open","sticky":false,"template":"","format":"standard","meta":{"footnotes":""},"categories":[1489,20074],"tags":[19961],"class_list":["post-131193","post","type-post","status-publish","format-standard","has-post-thumbnail","hentry","category-le-soin","category-sondages","tag-soleil"],"_links":{"self":[{"href":"https:\/\/www.monblogdefille.com\/blog\/wp-json\/wp\/v2\/posts\/131193","targetHints":{"allow":["GET"]}}],"collection":[{"href":"https:\/\/www.monblogdefille.com\/blog\/wp-json\/wp\/v2\/posts"}],"about":[{"href":"https:\/\/www.monblogdefille.com\/blog\/wp-json\/wp\/v2\/types\/post"}],"author":[{"embeddable":true,"href":"https:\/\/www.monblogdefille.com\/blog\/wp-json\/wp\/v2\/users\/3"}],"replies":[{"embeddable":true,"href":"https:\/\/www.monblogdefille.com\/blog\/wp-json\/wp\/v2\/comments?post=131193"}],"version-history":[{"count":0,"href":"https:\/\/www.monblogdefille.com\/blog\/wp-json\/wp\/v2\/posts\/131193\/revisions"}],"wp:featuredmedia":[{"embeddable":true,"href":"https:\/\/www.monblogdefille.com\/blog\/wp-json\/wp\/v2\/media\/131195"}],"wp:attachment":[{"href":"https:\/\/www.monblogdefille.com\/blog\/wp-json\/wp\/v2\/media?parent=131193"}],"wp:term":[{"taxonomy":"category","embeddable":true,"href":"https:\/\/www.monblogdefille.com\/blog\/wp-json\/wp\/v2\/categories?post=131193"},{"taxonomy":"post_tag","embeddable":true,"href":"https:\/\/www.monblogdefille.com\/blog\/wp-json\/wp\/v2\/tags?post=131193"}],"curies":[{"name":"wp","href":"https:\/\/api.w.org\/{rel}","templated":true}]}}