{"id":131173,"date":"2010-05-12T09:10:26","date_gmt":"2010-05-12T07:10:26","guid":{"rendered":"http:\/\/www.monblogdefille.com\/blog\/?p=131173"},"modified":"2010-05-15T09:06:15","modified_gmt":"2010-05-15T07:06:15","slug":"vivre-sur-une-ile-par-cecile-de-la-reunion","status":"publish","type":"post","link":"https:\/\/www.monblogdefille.com\/blog\/vivre-sur-une-ile-par-cecile-de-la-reunion\/","title":{"rendered":"Vivre sur une \u00eele, par C\u00e9cile de la R\u00e9union"},"content":{"rendered":"<p><img loading=\"lazy\" decoding=\"async\" class=\"alignnone size-full wp-image-128239\" title=\"o-toi-lectrice\" src=\"http:\/\/www.monblogdefille.com\/blog\/wp-content\/uploads\/2009\/07\/o-toi-lectrice.jpg\" alt=\"o-toi-lectrice\" width=\"500\" height=\"375\" \/><\/p>\n<p>\u00ab\u00a0Cette \u00eele, c\u2019est La R\u00e9union.<\/p>\n<p>Pour celles qui ne connaitraient pas (oui \u00e7a peut arriver qu\u2019on ne connaisse pas La R\u00e9union), il s\u2019agit donc d\u2019un d\u00e9partement fran\u00e7ais d\u2019Outre Mer situ\u00e9 dans l\u2019Oc\u00e9an Indien, \u00e0 droite de Madagascar et au sud de l\u2019Ile Maurice, soit \u00e0 plus de 10\u00a0000 km de la m\u00e9tropole.<\/p>\n<p>Je ne vous ferais pas son histoire. Je tiens plut\u00f4t \u00e0 raconter ici \u2013 merci H\u00e9l\u00e8ne- ce qu\u2019est de vivre sur une \u00eele, les avantages et les inconv\u00e9nients qu\u2019il peut y avoir. Bien sur ce n\u2019est que mon opinion, l\u2019opinion d\u2019une jeunette de presque 22 ans install\u00e9e sur l\u2019ile depuis 2001.<br \/>\nJe pr\u00e9cise quand m\u00eame que je suis r\u00e9unionnaise par ma m\u00e8re, je suis donc fortement attach\u00e9e \u00e0 ce grain de sable \u00e0 l\u2019\u00e9chelle mondiale, de 2500 km2.\u00a0 Oui 2500 km2, pour une population approchant les 900\u00a0000.\u00a0 C\u2019est donc tout petit, on fait le tour de l\u2019\u00eele en une journ\u00e9e facilement.<\/p>\n<p>Alors vivre sur une \u00eele, c\u2019est comment\u00a0?<\/p>\n<p>C\u2019est bien, si on habite au bon endroit. Moi o\u00f9 je suis je ne suis pas loin du centre ville, de la plage et des hauts.\u00a0 Car on ne peut pas se baigner n\u2019importe o\u00f9, seulement dans l\u2019ouest et dans le sud. Et ce qui est bien c\u2019est que l\u2019on peut se baigner toute l\u2019ann\u00e9e. Bon en \u00e9t\u00e9 je me br\u00fble les pieds sur la plage, j\u2019avoue. C\u2019est pour \u00e7a que c\u2019est mieux d\u2019y aller en fin d\u2019apr\u00e8s midi. Et je ne vous parle pas des feux de camps que l\u2019on peut faire, bien que parfois souvent interdits.<br \/>\nDonc il fait beau, il fait chaud, la vie est belle.<br \/>\nIl y a aussi la nature, des arbres, des fleurs, y\u2019en a partout. Chez moi j\u2019ai des bananiers, un papayer, un manguier \u2026 Et d\u2019autres ont des cocotiers. Ici les gens sont chaleureux, s\u2019il y\u2019a \u00e0 manger pour deux, il y en aura pour trois.<br \/>\nMais tout \u00e7a c\u2019est le bon c\u00f4t\u00e9.<\/p>\n<p>Ici aussi il y a des SDF, souvent en \u00e9tat d\u2019\u00e9bri\u00e9t\u00e9. Des chiens abandonn\u00e9s qui tra\u00eenent partout, pleins de gens vivant du RMI et faisant des gosses juste pour les allocations. Oui c\u2019est une autre r\u00e9alit\u00e9 aussi\u00a0!<br \/>\nEt comme partout y\u2019a des riches, des moins riches, et des pauvres. Ceux qui sont propri\u00e9taires, ceux qui sont locataires, et ceux qui s\u2019amassent dans les logements sociaux.\u00a0 Et trouver du travail ici c\u2019est pas gagn\u00e9. A moins d\u2019\u00eatre fonctionnaire ou pistonn\u00e9.<\/p>\n<p>Apr\u00e8s bien s\u00fbr moi je trouve que La R\u00e9union c\u2019est une mini m\u00e9tropole, mais o\u00f9 il manque beaucoup de choses. Trop d\u2019ailleurs. Pas assez de fili\u00e8res universitaires par exemple. Ici on a juste la premi\u00e8re ann\u00e9e de m\u00e9decine. Ce n\u2019est pas \u00e9tonnant qu\u2019on voit tous les jeunes partir. D\u2019ailleurs c\u2019est ce que je m\u2019appr\u00eate aussi \u00e0 faire. Partir.<br \/>\nEt puis il faut aussi souligner qu\u2019ici tout est deux fois plus cher.<br \/>\n(Bon, demandez -moi des comparaisons et j\u2019irai voir au magasin ;-)<\/p>\n<p>Et il y a aussi quelque chose qui me chiffonne, c\u2019est la fa\u00e7on dont on est montr\u00e9 par les m\u00e9dias chez vous.<br \/>\nDans les reportages on revoit souvent la m\u00eame chose\u00a0: on va montrer le groupe de personnes qui habite en marge de la soci\u00e9t\u00e9, l\u00e0 o\u00f9 on\u00a0 ne peut aller que par la marche ou par l\u2019h\u00e9licopt\u00e8re.<br \/>\nMais La R\u00e9union ce n\u2019est pas \u00e7a. La plupart des gens ont des maisons normales (en b\u00e9ton et pas en paille), des voitures, internet (deux fois plus chers aussi, j\u2019ai du 512 k pour\u00a0 29,90 \u20ac), des iPhones \u2026<br \/>\nLes m\u00e9dias montrent aussi les petits vieux qui parlent un cr\u00e9ole qu\u2019ils sont oblig\u00e9s de sous titrer en fran\u00e7ais. Ou encore ceux qui cultivent le g\u00e9ranium. Mais le g\u00e9ranium c\u2019est en voie de disparition, par rapport \u00e0 ce que c\u2019\u00e9tait il y a 30 ans.<\/p>\n<p>Donc ici j\u2019ai aussi le Super U, le Casino, le Carrefour\u2026 Mais y\u2019a pas le Printemps, pas de Mac, pas de Sephora, et j\u2019en passe. Y\u2019a Yves Rocher, mais sans commentaires.<br \/>\nEt puis tenez, un exemple pour les beauty addicts\u00a0: le vernis 505 de Chanel, il n\u2019est pas sorti ici, ni le nouveau fond de teint de chez Bourgeois.<br \/>\nEn terme de make up c\u2019est la loose !<\/p>\n<p>J\u2019ai parl\u00e9 beaucoup. Trop peut \u00eatre.\u00a0 J\u2019\u00e9tais partie sur \u00ab\u00a0vivre sur une \u00eele\u00a0\u00bb et j\u2019en suis arriv\u00e9e \u00e0 ce que c\u2019\u00e9tait que La R\u00e9union. Vivre sur une \u00eele c\u2019est donc s\u2019adapter \u00e0 tout ce que je viens de citer.<br \/>\nEn fait je pourrais continuer de parler\u00a0 pendant des heures, tellement il\u00a0 y a de choses \u00e0 dire.<br \/>\nMalgr\u00e9 ces inconv\u00e9nients, il fait bon de vivre ici. Il y a pire ailleurs, on ne meure pas de faim m\u00eame si les temps sont durs.<br \/>\nVoil\u00e0, mes quelques impressions. Je vous encourage vivement \u00e0 venir en vacances, m\u00eame s\u2019il fait un peu trop chaud en \u00e9t\u00e9 (de Novembre \u00e0 Avril).<br \/>\nC\u2019est un cadre diff\u00e9rent \u00e0 d\u00e9couvrir, avec amour et passion.<\/p>\n<p>Sign\u00e9\u00a0: C\u00e9cile de La R\u00e9union\u00a0\u00bb<\/p>\n","protected":false},"excerpt":{"rendered":"<p>\u00ab\u00a0Cette \u00eele, c\u2019est La R\u00e9union. Pour celles qui ne connaitraient pas (oui \u00e7a peut arriver qu\u2019on ne connaisse pas La R\u00e9union), il s\u2019agit donc d\u2019un d\u00e9partement fran\u00e7ais d\u2019Outre Mer situ\u00e9 dans l\u2019Oc\u00e9an Indien, \u00e0 droite&#8230;<br \/> <a class=\"read-more\" href=\"https:\/\/www.monblogdefille.com\/blog\/vivre-sur-une-ile-par-cecile-de-la-reunion\/\">Lire la suite \u00bb<\/a><\/p>\n","protected":false},"author":3,"featured_media":128239,"comment_status":"open","ping_status":"open","sticky":false,"template":"","format":"standard","meta":{"footnotes":""},"categories":[5377],"tags":[],"class_list":["post-131173","post","type-post","status-publish","format-standard","has-post-thumbnail","hentry","category-o-toi-lectrice"],"_links":{"self":[{"href":"https:\/\/www.monblogdefille.com\/blog\/wp-json\/wp\/v2\/posts\/131173","targetHints":{"allow":["GET"]}}],"collection":[{"href":"https:\/\/www.monblogdefille.com\/blog\/wp-json\/wp\/v2\/posts"}],"about":[{"href":"https:\/\/www.monblogdefille.com\/blog\/wp-json\/wp\/v2\/types\/post"}],"author":[{"embeddable":true,"href":"https:\/\/www.monblogdefille.com\/blog\/wp-json\/wp\/v2\/users\/3"}],"replies":[{"embeddable":true,"href":"https:\/\/www.monblogdefille.com\/blog\/wp-json\/wp\/v2\/comments?post=131173"}],"version-history":[{"count":0,"href":"https:\/\/www.monblogdefille.com\/blog\/wp-json\/wp\/v2\/posts\/131173\/revisions"}],"wp:featuredmedia":[{"embeddable":true,"href":"https:\/\/www.monblogdefille.com\/blog\/wp-json\/wp\/v2\/media\/128239"}],"wp:attachment":[{"href":"https:\/\/www.monblogdefille.com\/blog\/wp-json\/wp\/v2\/media?parent=131173"}],"wp:term":[{"taxonomy":"category","embeddable":true,"href":"https:\/\/www.monblogdefille.com\/blog\/wp-json\/wp\/v2\/categories?post=131173"},{"taxonomy":"post_tag","embeddable":true,"href":"https:\/\/www.monblogdefille.com\/blog\/wp-json\/wp\/v2\/tags?post=131173"}],"curies":[{"name":"wp","href":"https:\/\/api.w.org\/{rel}","templated":true}]}}