{"id":13111,"date":"2006-05-05T09:21:49","date_gmt":"2006-05-05T08:21:49","guid":{"rendered":"http:\/\/localhost\/wordpress\/?p=13111"},"modified":"2011-01-02T18:16:09","modified_gmt":"2011-01-02T17:16:09","slug":"il-est-bon-ton-cafe-el-gringo","status":"publish","type":"post","link":"https:\/\/www.monblogdefille.com\/blog\/il-est-bon-ton-cafe-el-gringo\/","title":{"rendered":"Il est bon ton caf\u00e9, el gringo"},"content":{"rendered":"<p><img decoding=\"async\" src=\"wp-content\/themes\/default\/images\/guerlain.jpg\" alt=\"guerlain\" align=\"right\" hspace=\"5\" \/>Non \u00e7a n\u2019a aucun rapport avec la choucroute. Mais j\u2019ai trouv\u00e9 le moyen d\u2019\u00eatre presque couleur caf\u00e9 sans bronzage, sans UV et sans autobronzant orange. Donc je me prends pour el gringo et je frime ma race.<\/p>\n<p>Ca faisait un moment que je lorgnais sur la ligne Terracotta, c\u2019\u00e9tait un peu ma derni\u00e8re planche de salut avant l\u2019exil en Islande o\u00f9 j\u2019aurais eu l\u2019air d\u2019une vraie moricaude.<br \/>\n30 \u20ac la planche, mais bon, on est blanc fluo ascendant cadavre ou on ne l\u2019est pas. J\u2019ai fini par craquer, et par me prendre un flacon du spray bronzant hydratant de Guerlain.<\/p>\n<p>C\u2019est du maquillage pour le corps, tout simplement : une sorte de gel liquide, qu\u2019il faut sprayer (comme ils disent dans la notice, que j\u2019ai lue avec passion) sur les jambes, les bras ou le boum-boum, c\u2019est selon les projets qu\u2019on a. On \u00e9tale, \u00e7a s\u00e8che en trois secondes, et zou, \u00e7a tient la journ\u00e9e (sans tacher les v\u00eatements, gr\u00e2ce au ciel, j\u2019ai au moins quatorze jupes blanches).<\/p>\n<p>J\u2019en ai mis hier apr\u00e8s-midi, \u00e7a tient super bien. J\u2019ai m\u00eame frott\u00e9 avec un gant de toilette humide, pour voir, \u00e7a a pas boug\u00e9. Ca dit dans la notice que \u00e7a part \u00e0 l\u2019eau savonneuse. Donc s\u2019il pleut j\u2019aurai pas le jambes pleines de z\u00e9brures grotesques, c\u2019\u00e9tait ma principale pr\u00e9occupation. La seconde \u00e9tant la couleur, \u00e9videmment, et l\u00e0 je dois avouer que je suis assez estomaqu\u00e9e, \u00e7a ne fait pas orange mais dor\u00e9. L\u00e9ger hein, c\u2019est pas du brou de noix, mais \u00e7a illumine joliment le cuissot.<\/p>\n<p>Je crois que Dieu existe, il s\u2019appelle Aim\u00e9 Guerlain (l\u2019\u00e9tait pr\u00e9destin\u00e9 le monsieur).<\/p>\n<p>Ah il semble que \u00e7a hydrate, aussi, c\u2019est un peu le produit miracle ce truc. Vais m\u2019en mettre sur la figure tiens, pour voir ce qui se passe.<\/p>\n<p>Comme j\u2019avais aussi une envie de gloss dor\u00e9 parce que c\u2019est la saison et que c\u2019est nouveau et que tout simplement c\u2019est sublime, forc\u00e9ment j\u2019en ai pris un, la ligne Terracotta est tr\u00e8s bien achaland\u00e9e pour tout ce dont on peut avoir envie quand on r\u00eave de vacances, coinc\u00e9e \u00e0 Paris par beau temps.<\/p>\n<p>Il est vachement beau, juste naturel et paillet\u00e9 d\u2019or, \u00e7a fait une tr\u00e8s belle bouche sensuelle et estivale. J\u2019ai un peu l\u2019impression d\u2019\u00eatre Cl\u00e9op\u00e2tre avec. Pas d\u2019odeur, pas de go\u00fbt, ne colle pas, co\u00fbte juste le double d\u2019un truc l\u2019Or\u00e9al ;-) En plus il fait baume et hydrate lui aussi, et si je cherche bien j\u2019y d\u00e9nicherai s\u00fbrement un indice de protection UV.<\/p>\n<p>Ouala, je suis par\u00e9e pour faire comme si j\u2019\u00e9tais en pleine forme et revenant d\u2019un mois \u00e0 Portofino dans la maison de Dolce et Gabbana themselves. Que demande le peuple ?<\/p>\n<p><strong>Edit<\/strong> : aujourd&rsquo;hui samedi j&rsquo;en ai mis sur mon visage, c&rsquo;est pas hyper facile \u00e0 \u00e9taler mais \u00e7a donne m\u00e9ga bonne mine. Oui bon vous me direz \u00ab\u00a0exactement comme le gel teint\u00e9 visage de Nuxe, ou ce genre de produit\u00a0\u00bb, et vous aurez raison. Mais pour la progession de la girlitude, je me devais d&rsquo;essayer ;-)<\/p>\n","protected":false},"excerpt":{"rendered":"<p>Non \u00e7a n\u2019a aucun rapport avec la choucroute. Mais j\u2019ai trouv\u00e9 le moyen d\u2019\u00eatre presque couleur caf\u00e9 sans bronzage, sans UV et sans autobronzant orange. Donc je me prends pour el gringo et je frime&#8230;<br \/> <a class=\"read-more\" href=\"https:\/\/www.monblogdefille.com\/blog\/il-est-bon-ton-cafe-el-gringo\/\">Lire la suite \u00bb<\/a><\/p>\n","protected":false},"author":3,"featured_media":0,"comment_status":"open","ping_status":"open","sticky":false,"template":"","format":"standard","meta":{"footnotes":""},"categories":[1485],"tags":[19961,19975],"class_list":["post-13111","post","type-post","status-publish","format-standard","hentry","category-le-maquillage","tag-soleil","tag-teint-parfait"],"_links":{"self":[{"href":"https:\/\/www.monblogdefille.com\/blog\/wp-json\/wp\/v2\/posts\/13111","targetHints":{"allow":["GET"]}}],"collection":[{"href":"https:\/\/www.monblogdefille.com\/blog\/wp-json\/wp\/v2\/posts"}],"about":[{"href":"https:\/\/www.monblogdefille.com\/blog\/wp-json\/wp\/v2\/types\/post"}],"author":[{"embeddable":true,"href":"https:\/\/www.monblogdefille.com\/blog\/wp-json\/wp\/v2\/users\/3"}],"replies":[{"embeddable":true,"href":"https:\/\/www.monblogdefille.com\/blog\/wp-json\/wp\/v2\/comments?post=13111"}],"version-history":[{"count":0,"href":"https:\/\/www.monblogdefille.com\/blog\/wp-json\/wp\/v2\/posts\/13111\/revisions"}],"wp:attachment":[{"href":"https:\/\/www.monblogdefille.com\/blog\/wp-json\/wp\/v2\/media?parent=13111"}],"wp:term":[{"taxonomy":"category","embeddable":true,"href":"https:\/\/www.monblogdefille.com\/blog\/wp-json\/wp\/v2\/categories?post=13111"},{"taxonomy":"post_tag","embeddable":true,"href":"https:\/\/www.monblogdefille.com\/blog\/wp-json\/wp\/v2\/tags?post=13111"}],"curies":[{"name":"wp","href":"https:\/\/api.w.org\/{rel}","templated":true}]}}