{"id":131086,"date":"2010-05-06T10:09:44","date_gmt":"2010-05-06T09:09:44","guid":{"rendered":"http:\/\/www.monblogdefille.com\/blog\/?p=131086"},"modified":"2011-01-15T17:26:12","modified_gmt":"2011-01-15T16:26:12","slug":"je-passe-aux-maternelles-demain-matin","status":"publish","type":"post","link":"https:\/\/www.monblogdefille.com\/blog\/je-passe-aux-maternelles-demain-matin\/","title":{"rendered":"Je passe aux Maternelles demain matin"},"content":{"rendered":"<p>Sur France 5 donc, \u00e0 8h55. C&rsquo;est une \u00e9mission sp\u00e9ciale \u00e0 l&rsquo;occasion des Etats G\u00e9n\u00e9raux de la Femme lanc\u00e9s par le Elle cette ann\u00e9e.<\/p>\n<p>Je fais le t\u00e9moin \u00ab\u00a0m\u00e9decine esth\u00e9tique et jeunisme\u00a0\u00bb, et je passe en tout d\u00e9but d&rsquo;\u00e9mission (cela dit si vous la loupez, ou si comme moi vous n&rsquo;avez pas la t\u00e9loche, l&rsquo;\u00e9mission passe ensuite pendant une semaine sur le site de la cha\u00eene).<\/p>\n<p>Bref, vous verrez \u00e7a par vous-m\u00eames (de toutes fa\u00e7ons chaque t\u00e9moin a genre 4 minutes de temps de parole, c&rsquo;est super court), moi ce que je voulais vous raconter, c&rsquo;est ce qui m&rsquo;excitais le plus dans cette histoire : le maquillage de plateau ! On m&rsquo;avait dit qu&rsquo;on vous posait le fond de teint \u00e0 l&rsquo;a\u00e9rographe (un truc qui souffle de l&rsquo;air &#8211; et du fond de teint &#8211; sur la peau, genre machin pour peindre les bagnoles), j&rsquo;\u00e9tais HYSTERIQUE \u00e0 l&rsquo;id\u00e9e d&rsquo;essayer \u00e7a (bien plus qu&rsquo;\u00e0 l&rsquo;id\u00e9e de passer \u00e0 la t\u00e9loche, \u00e9videmment).<\/p>\n<p>Mon maquilleur, Sven, \u00e9tait tellement chou que j&rsquo;ai imm\u00e9diatement d\u00e9clar\u00e9 que je voulais l&rsquo;\u00e9pouser. Une des animatrices m&rsquo;a dit que \u00e7a pouvait se faire si j&rsquo;aimais le bio, j&rsquo;ai r\u00e9pondu qu&rsquo;on allait avoir un probl\u00e8me ;-)<\/p>\n<p>Sa technique de maquillage est hyper int\u00e9ressante : il pose le fond de teint en tout dernier, a\u00e9rographe oblige (visiblement c&rsquo;est gal\u00e8re d&rsquo;estomper quoi que ce soit dessus, vu la technique et le produit). Donc correcteur d&rsquo;abord, sur presque tout le visage (et les oreilles !). Puis les yeux, magnifique travail super subtil qui me fait des yeux de chat et que j&rsquo;ai ador\u00e9 (mascara ? Smoky Lash power !) ! Ahhh, et le pot Corail de Bobbi Brown pour les joues !<\/p>\n<p>Evidemment pendant ce temps je regardais tout et je faisais des commentaires sur tout (la cliente infernale) : peu de produits sur la table, beaucoup de MAC et de Make Up Forever, y compris dans les pinceaux. Un peu de Bobbi Brown pour les fards \u00e0 paupi\u00e8res, mais vraiment assez peu de choses, finalement. En t\u00e9l\u00e9 on ne fait pas de maquillages d\u00e9lires, on est l\u00e0 pour mettre les gens en valeur assez discr\u00e8tement.<\/p>\n<p><img loading=\"lazy\" decoding=\"async\" class=\"alignnone size-full wp-image-131097\" title=\"Maternelles 1\" src=\"http:\/\/www.monblogdefille.com\/blog\/wp-content\/uploads\/2010\/05\/Maternelles-13.jpg\" alt=\"\" width=\"500\" height=\"667\" \/><\/p>\n<p>Nous voici \u00e0 l&rsquo;\u00e9tape fond de teint et je commence \u00e0 me lamenter \u00ab\u00a0vous allez me peindre en orange hein ? Et bien vous allez \u00eatre oblig\u00e9e de me maquiller jusqu&rsquo;aux pieds !\u00a0\u00bb, mais Sven me r\u00e9pond que pas du tout, on maquille les gens dans leur couleur naturelle, ce qui compte c&rsquo;est surtout d&rsquo;avoir un r\u00e9sultat HYPER mat parce que la violence des lumi\u00e8res, sur le plateaux, cr\u00e9e des brillances m\u00eame l\u00e0 o\u00f9 il n&rsquo;y en a pas. Et que donc le fond de teint utilis\u00e9 est un fond de teint \u00e0 l&rsquo;eau, extr\u00eamement matifiant. Mais de la m\u00eame couleur que ma peau.<\/p>\n<p>Au moment o\u00f9 il pr\u00e9pare son a\u00e9rographe, arrive St\u00e9phanie de <a href=\"http:\/\/www.leblogdebigbeauty.com\/\" target=\"_blank\" rel=\"noopener\">Big Beauty<\/a> ! On se tombe dans les bras en poussant des tas de cris (on s&rsquo;\u00e9tait encore jamais rencontr\u00e9es en vrai), et j&rsquo;intime sur le champ \u00e0 St\u00e9phanie de faire des photos de ce grand moment pour pouvoir vous montrer \u00e7a.<\/p>\n<p><img loading=\"lazy\" decoding=\"async\" class=\"alignnone size-full wp-image-131090\" title=\"Maternelles 3\" src=\"http:\/\/www.monblogdefille.com\/blog\/wp-content\/uploads\/2010\/05\/Maternelles-3.jpg\" alt=\"\" width=\"500\" height=\"375\" \/><\/p>\n<p><img loading=\"lazy\" decoding=\"async\" class=\"alignnone size-full wp-image-131091\" title=\"Maternelles 2\" src=\"http:\/\/www.monblogdefille.com\/blog\/wp-content\/uploads\/2010\/05\/Maternelles-2.jpg\" alt=\"\" width=\"500\" height=\"375\" \/><\/p>\n<p>Au moment o\u00f9 il passe sous mon nez, Sven dit \u00ab\u00a0attention, je passe sous les narines, n&rsquo;inhalez pas\u00a0\u00bb ; je sais pas pourquoi, \u00e7a me fait hurler de rire (en fait on va passer plusieurs heures \u00e0 hurler de rire, avec St\u00e9phanie, d\u00e8s qu&rsquo;on en aura l&rsquo;occasion &#8211; ah oui on attend beaucoup, pour enregistrer une \u00e9mission t\u00e9l\u00e9, \u00e7a laisse du temps pour faire connaissance et rigoler).<\/p>\n<p>A peine mon maquillage termin\u00e9, je saute sur mon appareil photo pour aller immortaliser l&rsquo;a\u00e9rographe sur St\u00e9phanie.<\/p>\n<p><img loading=\"lazy\" decoding=\"async\" class=\"alignnone size-full wp-image-131092\" title=\"Mternelles 9\" src=\"http:\/\/www.monblogdefille.com\/blog\/wp-content\/uploads\/2010\/05\/Mternelles-9.jpg\" alt=\"\" width=\"500\" height=\"375\" \/><\/p>\n<p><img loading=\"lazy\" decoding=\"async\" class=\"alignnone size-full wp-image-131093\" title=\"Maternelles 10\" src=\"http:\/\/www.monblogdefille.com\/blog\/wp-content\/uploads\/2010\/05\/Maternelles-10.jpg\" alt=\"\" width=\"500\" height=\"375\" \/><\/p>\n<p><img loading=\"lazy\" decoding=\"async\" class=\"alignnone size-full wp-image-131094\" title=\"Maternelles 11\" src=\"http:\/\/www.monblogdefille.com\/blog\/wp-content\/uploads\/2010\/05\/Maternelles-11.jpg\" alt=\"\" width=\"500\" height=\"570\" \/><\/p>\n<p>Ensuite, pendant l&rsquo;\u00e9mission elle-m\u00eame, d\u00e8s qu&rsquo;il y aura une pause, les maquilleurs passeront gentiment nous repoudrer (\u00e0 la Blot de MAC dans mon cas), encore et encore (il faut dire \u00a0qu&rsquo;il fait un peu 72 degr\u00e9s sur le plateau, m\u00eame avec la clim, tant les lumi\u00e8re sont fortes).<\/p>\n<p>En dehors de \u00e7a on est 14 personnes \u00e0 participer \u00e0 l&rsquo;\u00e9mission, et j&rsquo;ai compt\u00e9 au moins 16 techniciens son et images ! Je suis stup\u00e9faite du monde qu&rsquo;il faut et du travail que \u00e7a repr\u00e9sente, de faire une \u00e9mission de t\u00e9loche.<\/p>\n<p>Et je dois reconna\u00eetre, moi qui n&rsquo;aime pas la t\u00e9l\u00e9, que l&rsquo;esprit de cette \u00e9mission est vraiment respectueux des gens, les animatrices sympas comme tout (et marrantes), les t\u00e9moins super int\u00e9ressants (j&rsquo;ai pas mal discut\u00e9 avec la jeune femme qui venait t\u00e9moigner sur l&rsquo;excision).<\/p>\n<p>Voilou les enfants, je m&rsquo;en vais maintenant attendre que l&rsquo;\u00e9mission soit sur le site pour pouvoir la regarder (ou alors je vais chez mes voisins demain \u00e0 8h55 et je squatte leur t\u00e9l\u00e9 ??).<\/p>\n","protected":false},"excerpt":{"rendered":"<p>Sur France 5 donc, \u00e0 8h55. C&rsquo;est une \u00e9mission sp\u00e9ciale \u00e0 l&rsquo;occasion des Etats G\u00e9n\u00e9raux de la Femme lanc\u00e9s par le Elle cette ann\u00e9e. Je fais le t\u00e9moin \u00ab\u00a0m\u00e9decine esth\u00e9tique et jeunisme\u00a0\u00bb, et je passe&#8230;<br \/> <a class=\"read-more\" href=\"https:\/\/www.monblogdefille.com\/blog\/je-passe-aux-maternelles-demain-matin\/\">Lire la suite \u00bb<\/a><\/p>\n","protected":false},"author":3,"featured_media":131097,"comment_status":"open","ping_status":"open","sticky":false,"template":"","format":"standard","meta":{"footnotes":""},"categories":[1504],"tags":[20179],"class_list":["post-131086","post","type-post","status-publish","format-standard","has-post-thumbnail","hentry","category-revue-de-presse","tag-medecine-esthetique"],"_links":{"self":[{"href":"https:\/\/www.monblogdefille.com\/blog\/wp-json\/wp\/v2\/posts\/131086","targetHints":{"allow":["GET"]}}],"collection":[{"href":"https:\/\/www.monblogdefille.com\/blog\/wp-json\/wp\/v2\/posts"}],"about":[{"href":"https:\/\/www.monblogdefille.com\/blog\/wp-json\/wp\/v2\/types\/post"}],"author":[{"embeddable":true,"href":"https:\/\/www.monblogdefille.com\/blog\/wp-json\/wp\/v2\/users\/3"}],"replies":[{"embeddable":true,"href":"https:\/\/www.monblogdefille.com\/blog\/wp-json\/wp\/v2\/comments?post=131086"}],"version-history":[{"count":0,"href":"https:\/\/www.monblogdefille.com\/blog\/wp-json\/wp\/v2\/posts\/131086\/revisions"}],"wp:featuredmedia":[{"embeddable":true,"href":"https:\/\/www.monblogdefille.com\/blog\/wp-json\/wp\/v2\/media\/131097"}],"wp:attachment":[{"href":"https:\/\/www.monblogdefille.com\/blog\/wp-json\/wp\/v2\/media?parent=131086"}],"wp:term":[{"taxonomy":"category","embeddable":true,"href":"https:\/\/www.monblogdefille.com\/blog\/wp-json\/wp\/v2\/categories?post=131086"},{"taxonomy":"post_tag","embeddable":true,"href":"https:\/\/www.monblogdefille.com\/blog\/wp-json\/wp\/v2\/tags?post=131086"}],"curies":[{"name":"wp","href":"https:\/\/api.w.org\/{rel}","templated":true}]}}