{"id":13107,"date":"2006-02-01T12:31:44","date_gmt":"2006-02-01T11:31:44","guid":{"rendered":"http:\/\/localhost\/wordpress\/?p=13107"},"modified":"2016-08-15T20:21:33","modified_gmt":"2016-08-15T18:21:33","slug":"quand-meme-les-tailles-ca-craint","status":"publish","type":"post","link":"https:\/\/www.monblogdefille.com\/blog\/quand-meme-les-tailles-ca-craint\/","title":{"rendered":"Quand m\u00eame les tailles \u00e7a craint"},"content":{"rendered":"<p><img decoding=\"async\" src=\"wp-content\/themes\/default\/images\/tailles.jpg\" alt=\"tailles\" align=\"left\" hspace=\"5\" \/>Oui mon titre est moche, c\u2019est fait expr\u00e8s. J\u2019aime bien faire dans le cheap, de temps en temps, je trouve \u00e7a extr\u00eamement satisfaisant.<\/p>\n<p>Bref, \u00e0 nos poneys, \u00e0 nos poneys !<\/p>\n<p>Or donc je viens de m\u2019acheter un autre jean chez Gap. Je dis un autre parce qu\u2019\u00e0 part mon jean de p\u00e9tasse tous ceux que j\u2019ai viennent de l\u00e0, et que je dois renouveler le stock \u00e0 toute allure vue la vitesse d\u2019usure de ces foutus machins.<\/p>\n<p>Voui j\u2019ai les cuisses qui frottent, comme je suis une petite dodue, et le tissu n\u2019y r\u00e9siste jamais tr\u00e8s longtemps (quelques mois, au plus). A pr\u00e8s de 70 \u20ac le jean c\u2019est un peu dur mais c\u2019est le prix \u00e0 payer pour se nourrir de cr\u00e8me fra\u00eeche et de parmesan, finalement le deal me convient.<\/p>\n<p>Chez Gap ils ont une nouvelle collec de jeans expr\u00e8s pour que les gens aillent pas voir le rayon soldes, avec des trucs \u00e0 tomber par terre, tout d\u00e9lav\u00e9s, crades, d\u00e9chir\u00e9s en bas, le pied total. Impossible de r\u00e9sister \u00e0 \u00e7a. Par contre ils sont pas stretch, ce qui veut dire une taille de plus, pour moi (voui le stretch a la gentillesse de s\u2019adapter \u00e0 ma morphologie, alors que la toile de jean de base, non).<\/p>\n<p>Donc du 48. J\u2019ai du bol il leur en restait un, mais je me suis quand m\u00eame dit que leurs tailles \u00e9taient bizarres.<\/p>\n<p>Parce que chez H&amp;M je fais du 44 ou 46 selon les mod\u00e8les (je vous parle de mon boum-boum l\u00e0, pour le haut c\u2019est encore une autre histoire), chez Darel je fais du 46, et chez Caroll il me faut du 44. Chez Zara tout est trop petit, mais on en a d\u00e9j\u00e0 parl\u00e9, ne nous \u00e9cartons pas du sujet.<\/p>\n<p>Donc je m\u2019interroge : quid de ces foutues tailles ?? Pourquoi c\u2019est pas la m\u00eame chose partout ? Parce que moi j\u2019aime pas essayer, voyez, ce qui veut dire que je dois retenir par c\u0153ur ma taille pour le bas et ma taille pour le haut (diff\u00e9rentes bien entendu) dans les multiples enseignes que je fr\u00e9quente. Plus la diff\u00e9rence entre le stretch et le pas stretch, chez Gap.<\/p>\n<p>Moi je m\u2019en fous, de faire du 44 ou du 75, c\u2019est pas \u00e7a le probl\u00e8me : le probl\u00e8me c\u2019est de retenir tout \u00e7a et de pas s\u2019emm\u00ealer les pinceaux.<\/p>\n<p>Je devrais me faire graver une petite carte en argent chez Arthus-Bertrand, comme celles qu\u2019ils font pour les shoppers internationaux avec les tailles de tous les pays. Moi j\u2019aurais ma taille chez machin ou chose, ce serait cool.<\/p>\n<p>Sachant qu\u2019en plus de tout \u00e7a je maigris lentement mais s\u00fbrement (je fais pas de r\u00e9gime hein, rassurez-vous, je suis toujours au claquos et au sauciflard pour le go\u00fbter, avec du pinard, comme les gens bien). Ca veut dire que dans un an ma carte sera p\u00e9rim\u00e9e, et je serai largued \u00e0 nouveau.<\/p>\n<p>Faiche, comme dirait Agrippine*.<\/p>\n<p>* c\u00e9l\u00e8bre personnage de Claire Br\u00e9techer. Si vous la connaissez pas vous risquez les mines de sel, cette ado au langage d\u00e9lirant me fait hurler de rire.<\/p>\n","protected":false},"excerpt":{"rendered":"<p>Oui mon titre est moche, c\u2019est fait expr\u00e8s. J\u2019aime bien faire dans le cheap, de temps en temps, je trouve \u00e7a extr\u00eamement satisfaisant. Bref, \u00e0 nos poneys, \u00e0 nos poneys ! Or donc je viens&#8230;<br \/> <a class=\"read-more\" href=\"https:\/\/www.monblogdefille.com\/blog\/quand-meme-les-tailles-ca-craint\/\">Lire la suite \u00bb<\/a><\/p>\n","protected":false},"author":3,"featured_media":0,"comment_status":"open","ping_status":"open","sticky":false,"template":"","format":"standard","meta":{"footnotes":""},"categories":[20177],"tags":[],"class_list":["post-13107","post","type-post","status-publish","format-standard","hentry","category-mode"],"_links":{"self":[{"href":"https:\/\/www.monblogdefille.com\/blog\/wp-json\/wp\/v2\/posts\/13107","targetHints":{"allow":["GET"]}}],"collection":[{"href":"https:\/\/www.monblogdefille.com\/blog\/wp-json\/wp\/v2\/posts"}],"about":[{"href":"https:\/\/www.monblogdefille.com\/blog\/wp-json\/wp\/v2\/types\/post"}],"author":[{"embeddable":true,"href":"https:\/\/www.monblogdefille.com\/blog\/wp-json\/wp\/v2\/users\/3"}],"replies":[{"embeddable":true,"href":"https:\/\/www.monblogdefille.com\/blog\/wp-json\/wp\/v2\/comments?post=13107"}],"version-history":[{"count":0,"href":"https:\/\/www.monblogdefille.com\/blog\/wp-json\/wp\/v2\/posts\/13107\/revisions"}],"wp:attachment":[{"href":"https:\/\/www.monblogdefille.com\/blog\/wp-json\/wp\/v2\/media?parent=13107"}],"wp:term":[{"taxonomy":"category","embeddable":true,"href":"https:\/\/www.monblogdefille.com\/blog\/wp-json\/wp\/v2\/categories?post=13107"},{"taxonomy":"post_tag","embeddable":true,"href":"https:\/\/www.monblogdefille.com\/blog\/wp-json\/wp\/v2\/tags?post=13107"}],"curies":[{"name":"wp","href":"https:\/\/api.w.org\/{rel}","templated":true}]}}