{"id":130904,"date":"2010-04-24T13:29:51","date_gmt":"2010-04-24T11:29:51","guid":{"rendered":"http:\/\/www.monblogdefille.com\/blog\/?p=130904"},"modified":"2010-04-27T09:23:41","modified_gmt":"2010-04-27T07:23:41","slug":"la-collection-mac-pret-a-papier","status":"publish","type":"post","link":"https:\/\/www.monblogdefille.com\/blog\/la-collection-mac-pret-a-papier\/","title":{"rendered":"La collection MAC pr\u00eat \u00e0 papier&#8230;"},"content":{"rendered":"<p>&#8230; n&rsquo;est pas celle que vous croyez (ou pas, si \u00e7a se trouve je suis la seule \u00e0 avoir pris le visuel commercial pour la r\u00e9alit\u00e9).<\/p>\n<p><img loading=\"lazy\" decoding=\"async\" class=\"alignnone size-full wp-image-130905\" title=\"mac pret a papier 1\" src=\"http:\/\/www.monblogdefille.com\/blog\/wp-content\/uploads\/2010\/04\/mac-pret-a-papier-1.jpg\" alt=\"\" width=\"500\" height=\"647\" \/><\/p>\n<p>Hier je suis pass\u00e9e voir Christian parce qu&rsquo;il venait de recevoir cette collection, et toute \u00e9tonn\u00e9e, je lui dit \u00ab\u00a0mais je comprends pas, ce ne sont pas les packagings que j&rsquo;ai vus partout ?\u00a0\u00bb.<\/p>\n<p>Donc effectivement, les packagings genre en carton, c&rsquo;est juste le visuel commercial ; en vrai les produits sont dans du plastique noir MAC comme d&rsquo;habitude. J&rsquo;ai piqu\u00e9 cette photo chez Temptalia pour vous les montrer :<\/p>\n<p><img loading=\"lazy\" decoding=\"async\" class=\"alignnone size-full wp-image-130906\" title=\"mac pret a papier 2\" src=\"http:\/\/www.monblogdefille.com\/blog\/wp-content\/uploads\/2010\/04\/mac-pret-a-papier-2.jpg\" alt=\"\" width=\"500\" height=\"368\" \/><\/p>\n<p><em>Photo : Temptalia<\/em><\/p>\n<p>Voil\u00e0, c&rsquo;\u00e9tait juste pour que vous soyez pas d\u00e9\u00e7ues par les packagings (parce que dans les bo\u00eetes noires basiques, il y a de tr\u00e8s jolies choses ;-)<\/p>\n","protected":false},"excerpt":{"rendered":"<p>&#8230; n&rsquo;est pas celle que vous croyez (ou pas, si \u00e7a se trouve je suis la seule \u00e0 avoir pris le visuel commercial pour la r\u00e9alit\u00e9). Hier je suis pass\u00e9e voir Christian parce qu&rsquo;il venait&#8230;<br \/> <a class=\"read-more\" href=\"https:\/\/www.monblogdefille.com\/blog\/la-collection-mac-pret-a-papier\/\">Lire la suite \u00bb<\/a><\/p>\n","protected":false},"author":3,"featured_media":130905,"comment_status":"open","ping_status":"open","sticky":false,"template":"","format":"standard","meta":{"footnotes":""},"categories":[1485],"tags":[19963],"class_list":["post-130904","post","type-post","status-publish","format-standard","has-post-thumbnail","hentry","category-le-maquillage","tag-mac"],"_links":{"self":[{"href":"https:\/\/www.monblogdefille.com\/blog\/wp-json\/wp\/v2\/posts\/130904","targetHints":{"allow":["GET"]}}],"collection":[{"href":"https:\/\/www.monblogdefille.com\/blog\/wp-json\/wp\/v2\/posts"}],"about":[{"href":"https:\/\/www.monblogdefille.com\/blog\/wp-json\/wp\/v2\/types\/post"}],"author":[{"embeddable":true,"href":"https:\/\/www.monblogdefille.com\/blog\/wp-json\/wp\/v2\/users\/3"}],"replies":[{"embeddable":true,"href":"https:\/\/www.monblogdefille.com\/blog\/wp-json\/wp\/v2\/comments?post=130904"}],"version-history":[{"count":0,"href":"https:\/\/www.monblogdefille.com\/blog\/wp-json\/wp\/v2\/posts\/130904\/revisions"}],"wp:featuredmedia":[{"embeddable":true,"href":"https:\/\/www.monblogdefille.com\/blog\/wp-json\/wp\/v2\/media\/130905"}],"wp:attachment":[{"href":"https:\/\/www.monblogdefille.com\/blog\/wp-json\/wp\/v2\/media?parent=130904"}],"wp:term":[{"taxonomy":"category","embeddable":true,"href":"https:\/\/www.monblogdefille.com\/blog\/wp-json\/wp\/v2\/categories?post=130904"},{"taxonomy":"post_tag","embeddable":true,"href":"https:\/\/www.monblogdefille.com\/blog\/wp-json\/wp\/v2\/tags?post=130904"}],"curies":[{"name":"wp","href":"https:\/\/api.w.org\/{rel}","templated":true}]}}