{"id":130847,"date":"2010-04-19T17:10:13","date_gmt":"2010-04-19T15:10:13","guid":{"rendered":"http:\/\/www.monblogdefille.com\/blog\/?p=130847"},"modified":"2012-03-04T15:56:26","modified_gmt":"2012-03-04T14:56:26","slug":"clarins-dhc-dior","status":"publish","type":"post","link":"https:\/\/www.monblogdefille.com\/blog\/clarins-dhc-dior\/","title":{"rendered":"Clarins, DHC, Dior"},"content":{"rendered":"<p><img loading=\"lazy\" decoding=\"async\" class=\"alignnone size-full wp-image-130848\" title=\"ma peau carbure 23\" src=\"http:\/\/www.monblogdefille.com\/blog\/wp-content\/uploads\/2010\/04\/ma-peau-carbure-23.jpg\" alt=\"\" width=\"300\" height=\"306\" \/><\/p>\n<p>Bon je vous mets que les nouveaux trucs, tous les s\u00e9rums, les trucs pour les yeux, etc, \u00e7a n&rsquo;a pas (encore) chang\u00e9.<\/p>\n<p><strong>Multi-Active Jour Clarins <\/strong>: la cr\u00e8me Yuza d&rsquo;Erborian n&rsquo;\u00e9tait pas DU TOUT assez hydratante pour moi, du coup j&rsquo;ai chang\u00e9 pour celle-l\u00e0 (que je trouvais moyennement hydratante au d\u00e9but du coup j&rsquo;en foutais des tonnes, mais je suis en train de m&rsquo;habituer et en fait je crois qu&rsquo;elle me convient pas si mal).<\/p>\n<p><strong>Multi-Active Nuit Clarins<\/strong> : pareil, au d\u00e9but je la trouvais pas assez riche, mais je suis en train de m&rsquo;y faire (pis j&rsquo;aurai peut-\u00eatre moins de points noirs sur le nez, en arr\u00eatant les cr\u00e8mes trop riches, surtout avec le changement de saison).<\/p>\n<p><strong>S\u00e9rum \u00e0 la Vitamine C DHC<\/strong> : je l&rsquo;ai achet\u00e9 quand j&rsquo;ai fait ma derni\u00e8re commande de baumes \u00e0 l\u00e8vres (je les commande par 3 \u00e0 la fois au moins), \u00e7a promettait une peau sublime, comme je suis tr\u00e8s cr\u00e9dule (et que ma peau \u00e9tait ignoble parce que j&rsquo;\u00e9tais malade) j&rsquo;ai coll\u00e9 le truc dans mon panier. Je le mets le matin, apr\u00e8s ma lotion Shiseido et avant ma cr\u00e8me Clarins. Je peux pas vous dire si \u00e7a fait une peau sublime, \u00e7a fait genre 10 jours que je l&rsquo;utilise, mais en tout cas c&rsquo;est pas pire qu&rsquo;avant, c&rsquo;est toujours \u00e7a ;-))<\/p>\n<p><strong>Baume \u00e0 l\u00e8vres Cr\u00e8me de rose Dior<\/strong> : e me suis dit que je pouvais quand m\u00eame filer une seconde chance \u00e0 ce produit que j&rsquo;avais jug\u00e9 un peu vite cet hiver ; j&rsquo;ai bien fait, il est super confortable, les l\u00e8vres ne s\u00e8chent pas sous le baume, et si on aime la rose, l&rsquo;odeur est d\u00e9licieuse (\u00e0 \u00e9viter avant de manger un confit de canard, n\u00e9anmoins ;-).<\/p>\n","protected":false},"excerpt":{"rendered":"<p><strong>CLIQUEZ SUR LE TITRE POUR ACCEDER AU TEXTE ET AUX COMMENTAIRES.<\/strong><\/p>\n<p><img loading=\"lazy\" decoding=\"async\" class=\"alignnone size-full wp-image-130848\" title=\"ma peau carbure 23\" src=\"http:\/\/www.monblogdefille.com\/blog\/wp-content\/uploads\/2010\/04\/ma-peau-carbure-23.jpg\" alt=\"\" width=\"300\" height=\"306\" \/><\/p>\n","protected":false},"author":3,"featured_media":130848,"comment_status":"open","ping_status":"open","sticky":false,"template":"","format":"standard","meta":{"footnotes":""},"categories":[20028,1489],"tags":[20064,19951],"class_list":["post-130847","post","type-post","status-publish","format-standard","has-post-thumbnail","hentry","category-en-ce-moment-ma-peau-carbure-a-ca","category-le-soin","tag-anti-rides","tag-baume-a-levres"],"_links":{"self":[{"href":"https:\/\/www.monblogdefille.com\/blog\/wp-json\/wp\/v2\/posts\/130847","targetHints":{"allow":["GET"]}}],"collection":[{"href":"https:\/\/www.monblogdefille.com\/blog\/wp-json\/wp\/v2\/posts"}],"about":[{"href":"https:\/\/www.monblogdefille.com\/blog\/wp-json\/wp\/v2\/types\/post"}],"author":[{"embeddable":true,"href":"https:\/\/www.monblogdefille.com\/blog\/wp-json\/wp\/v2\/users\/3"}],"replies":[{"embeddable":true,"href":"https:\/\/www.monblogdefille.com\/blog\/wp-json\/wp\/v2\/comments?post=130847"}],"version-history":[{"count":0,"href":"https:\/\/www.monblogdefille.com\/blog\/wp-json\/wp\/v2\/posts\/130847\/revisions"}],"wp:featuredmedia":[{"embeddable":true,"href":"https:\/\/www.monblogdefille.com\/blog\/wp-json\/wp\/v2\/media\/130848"}],"wp:attachment":[{"href":"https:\/\/www.monblogdefille.com\/blog\/wp-json\/wp\/v2\/media?parent=130847"}],"wp:term":[{"taxonomy":"category","embeddable":true,"href":"https:\/\/www.monblogdefille.com\/blog\/wp-json\/wp\/v2\/categories?post=130847"},{"taxonomy":"post_tag","embeddable":true,"href":"https:\/\/www.monblogdefille.com\/blog\/wp-json\/wp\/v2\/tags?post=130847"}],"curies":[{"name":"wp","href":"https:\/\/api.w.org\/{rel}","templated":true}]}}