{"id":130713,"date":"2010-04-10T10:05:03","date_gmt":"2010-04-10T08:05:03","guid":{"rendered":"http:\/\/www.monblogdefille.com\/blog\/?p=130713"},"modified":"2013-12-11T18:35:25","modified_gmt":"2013-12-11T17:35:25","slug":"le-violet-de-dany","status":"publish","type":"post","link":"https:\/\/www.monblogdefille.com\/blog\/le-violet-de-dany\/","title":{"rendered":"Le violet de Dany"},"content":{"rendered":"<p><span style=\"text-decoration: underline;\">L&rsquo;inspiration, une cr\u00e9ation de Dany Sanz, fondatrice de Make Up Forever :<\/span><\/p>\n<p><span style=\"text-decoration: underline;\"><img loading=\"lazy\" decoding=\"async\" class=\"alignnone size-full wp-image-130712\" title=\"violet dany\" src=\"http:\/\/www.monblogdefille.com\/blog\/wp-content\/uploads\/2010\/04\/violet-dany.jpg\" alt=\"\" width=\"434\" height=\"330\" \/><\/span><\/p>\n<p><span style=\"text-decoration: underline;\">Ma petite interpr\u00e9tation : <\/span><\/p>\n<p><iframe loading=\"lazy\" width=\"940\" height=\"705\" src=\"https:\/\/www.youtube.com\/embed\/bIA-1oBOa6k?feature=oembed\" frameborder=\"0\" allowfullscreen><\/iframe> <\/p>\n<p><span style=\"text-decoration: underline;\">Teint<\/span><\/p>\n<p>Fond de teint Chanel Pro Lumi\u00e8re n\u00b0 20<\/p>\n<p>M\u00e9lang\u00e9 \u00e0 la BB Cr\u00e8me Erborian (moiti\u00e9-moiti\u00e9)<\/p>\n<p>Anti-cernes Bobbi Brown Ivoire<\/p>\n<p>Poudre MAC Invisible (poudre libre)<\/p>\n<p>Blush poudre Illamasqua Lover (p\u00eache mat)<\/p>\n<p>+ Blush MAC Pink Swoon (rose clair)<\/p>\n<p><span style=\"text-decoration: underline;\">Yeux<\/span><\/p>\n<p>Fard poudre Make Up Forever n\u00b0 92 (violet)<\/p>\n<p>Fard poudre MAC Carbon (noir mat)<\/p>\n<p>Fard poudre MAC Chamomille (blanc cr\u00e8me \u00e0 peine satin\u00e9) (Warm &amp; Cosy)<\/p>\n<p>Crayon Urban Decay 24\/7 Lust (violet)<\/p>\n<p>Crayon kh\u00f4l Une noir<\/p>\n<p>Mascara Parfait Shiseido<\/p>\n<p><span style=\"text-decoration: underline;\">Sourcils<\/span><\/p>\n<p>High Brow Benefit<\/p>\n<p>Fard poudre Make Up Forever n\u00b0 92 (violet)<\/p>\n<p>Fard poudre Make Up Forever\u00a0n\u00b0 166 (brun noir)<\/p>\n<p><span style=\"text-decoration: underline;\">L\u00e8vres<\/span><\/p>\n<p>Crayon contour des l\u00e8vres Make Up Forever n\u00b0 23<\/p>\n<p>Rouge \u00e0 l\u00e8vres liquide Make Up Forever n\u00b0 12<\/p>\n<p><span style=\"text-decoration: underline;\">Pinceaux<\/span><\/p>\n<p>214 MAC<\/p>\n<p>239 MAC<\/p>\n<p>217 MAC<\/p>\n<p>8S Make Up Forever<\/p>\n<p>266 MAC<\/p>\n<p><span style=\"text-decoration: underline;\">Ongles<\/span><\/p>\n<p>Essie Cute as a Button<\/p>\n<p>Avant que vous ne posiez la question, j&rsquo;avoue, je me suis d\u00e9gonfl\u00e9e : j&rsquo;avais un d\u00eener, j&rsquo;ai d\u00e9maquill\u00e9 mes sourcils avant de sortir, je me voyais pas prendre le m\u00e9tro comme \u00e7a ;-)<\/p>\n<p><img loading=\"lazy\" decoding=\"async\" class=\"alignnone size-full wp-image-130714\" title=\"violet dany 1\" src=\"http:\/\/www.monblogdefille.com\/blog\/wp-content\/uploads\/2010\/04\/violet-dany-1.jpg\" alt=\"\" width=\"500\" height=\"698\" \/><\/p>\n","protected":false},"excerpt":{"rendered":"<p><strong>POUR VOIR LA VIDEO,<a href=\"http:\/\/www.monblogdefille.com\/blog\/le-violet-de-dany\" target=\"_self\"> CLIQUEZ ICI<\/a><\/strong><\/p>\n<p><img loading=\"lazy\" decoding=\"async\" class=\"alignnone size-full wp-image-130714\" title=\"violet dany 1\" src=\"http:\/\/www.monblogdefille.com\/blog\/wp-content\/uploads\/2010\/04\/violet-dany-1.jpg\" alt=\"\" width=\"500\" height=\"698\" \/><\/p>\n","protected":false},"author":3,"featured_media":130712,"comment_status":"open","ping_status":"open","sticky":false,"template":"","format":"standard","meta":{"footnotes":""},"categories":[20123,1485,19978],"tags":[19988,19997,20036],"class_list":["post-130713","post","type-post","status-publish","format-standard","has-post-thumbnail","hentry","category-couleurs","category-le-maquillage","category-videos","tag-make-up-forever","tag-sourcils","tag-videos-maquillage"],"_links":{"self":[{"href":"https:\/\/www.monblogdefille.com\/blog\/wp-json\/wp\/v2\/posts\/130713","targetHints":{"allow":["GET"]}}],"collection":[{"href":"https:\/\/www.monblogdefille.com\/blog\/wp-json\/wp\/v2\/posts"}],"about":[{"href":"https:\/\/www.monblogdefille.com\/blog\/wp-json\/wp\/v2\/types\/post"}],"author":[{"embeddable":true,"href":"https:\/\/www.monblogdefille.com\/blog\/wp-json\/wp\/v2\/users\/3"}],"replies":[{"embeddable":true,"href":"https:\/\/www.monblogdefille.com\/blog\/wp-json\/wp\/v2\/comments?post=130713"}],"version-history":[{"count":0,"href":"https:\/\/www.monblogdefille.com\/blog\/wp-json\/wp\/v2\/posts\/130713\/revisions"}],"wp:featuredmedia":[{"embeddable":true,"href":"https:\/\/www.monblogdefille.com\/blog\/wp-json\/wp\/v2\/media\/130712"}],"wp:attachment":[{"href":"https:\/\/www.monblogdefille.com\/blog\/wp-json\/wp\/v2\/media?parent=130713"}],"wp:term":[{"taxonomy":"category","embeddable":true,"href":"https:\/\/www.monblogdefille.com\/blog\/wp-json\/wp\/v2\/categories?post=130713"},{"taxonomy":"post_tag","embeddable":true,"href":"https:\/\/www.monblogdefille.com\/blog\/wp-json\/wp\/v2\/tags?post=130713"}],"curies":[{"name":"wp","href":"https:\/\/api.w.org\/{rel}","templated":true}]}}