{"id":13065,"date":"2005-12-06T22:27:06","date_gmt":"2005-12-06T21:27:06","guid":{"rendered":"http:\/\/localhost\/wordpress\/?p=13065"},"modified":"2016-08-15T20:24:02","modified_gmt":"2016-08-15T18:24:02","slug":"mon-jean-de-petasse","status":"publish","type":"post","link":"https:\/\/www.monblogdefille.com\/blog\/mon-jean-de-petasse\/","title":{"rendered":"Mon jean de p\u00e9tasse"},"content":{"rendered":"<p><img decoding=\"async\" src=\"wp-content\/themes\/default\/images\/jean.jpg\" alt=\"jean\" align=\"right\" hspace=\"5\" \/>Les filles chuis hyper contente, j\u2019ai enfin trouv\u00e9 un jean de p\u00e9tasse \u00e0 ma taille !<br \/>\nJusqu\u2019ici j\u2019\u00e9tais limit\u00e9e aux machins super sobres, avec des poches normales, et m\u00eame pas r\u00e2p\u00e9s.<\/p>\n<p>Ehhh oui, quand on est dodue on n\u2019a pas le droit d\u2019avoir des fringues tendances, c\u2019est r\u00e9serv\u00e9 aux minces (c\u2019est idiot, de plus en plus d\u2019ados sont rondes, o\u00f9 vont-elles s\u2019habiller si seul Zara &#8211; que j\u2019adore par ailleurs, j\u2019y reviendrai &#8211; domine la plan\u00e8te de la mode pas ch\u00e8re avec ses tailles minuscules ??).<\/p>\n<p>J\u2019ach\u00e8te donc mes jeans (cher) chez Gap. Il faut reconna\u00eetre que le Long and Lean est sublime, j\u2019adore sa coupe d\u2019ailleurs j\u2019en ai trois, mais les mati\u00e8res ne sont pas d\u00e9lires, et c\u00f4t\u00e9 poches c\u2019est super classique.<\/p>\n<p>J\u2019ai fait tout Paris pour trouver des trucs un peu sympas au-dessus du 42, en vain.<br \/>\nJ\u2019avais fini par en acheter un \u00e0 la Redoute parce qu\u2019il avait des poches \u00e0 rabat derri\u00e8re, mon r\u00eave, mais \u00e9videmment il est super mal coup\u00e9.<\/p>\n<p>Gr\u00e2ce au ciel et \u00e0 H&amp;M, me voici pourvue d\u2019un vrai jean de p\u00e9tasse !<\/p>\n<p>Je l\u2019ai trouv\u00e9 au rayon grandes tailles, que j\u2019aime beaucoup, non parce que j\u2019y trouve ma taille (ils la font dans le reste du magasin aussi, c\u2019est des gens bien chez H&amp;M), mais parce que les fringues y sont un poil moins bling-bling que dans les autres rayons.<\/p>\n<p>Yep, j\u2019aime la sobri\u00e9t\u00e9 (ben si un jean de p\u00e9tasse c\u2019est sobre, y\u2019a pas de paillettes).<\/p>\n<p>Regardez-moi cette merveille de poches alambiqu\u00e9es aux bords d\u00e9licieusement r\u00e2p\u00e9s.<\/p>\n<p>Et encore vous n\u2019avez pas vu l\u2019arri\u00e8re et sa d\u00e9coupe en rond au-dessus des fesses !<\/p>\n<p>En plus, comme c\u2019est un sp\u00e9cial fille dodue, les jambes gardent une largeur et une longueur normales, alors que quand je prends ma taille chez Gap je me retrouve avec des trucs gigantesques autour des mollets, et on pourrait tailler un deuxi\u00e8me pantalon dans la longueur exc\u00e9dentaire<\/p>\n<p>L\u00e0 j\u2019ai m\u00eame pas besoin de faire un ourlet dites donc. Je pense que Dieu est danois.<\/p>\n","protected":false},"excerpt":{"rendered":"<p>Les filles chuis hyper contente, j\u2019ai enfin trouv\u00e9 un jean de p\u00e9tasse \u00e0 ma taille ! Jusqu\u2019ici j\u2019\u00e9tais limit\u00e9e aux machins super sobres, avec des poches normales, et m\u00eame pas r\u00e2p\u00e9s. Ehhh oui, quand on&#8230;<br \/> <a class=\"read-more\" href=\"https:\/\/www.monblogdefille.com\/blog\/mon-jean-de-petasse\/\">Lire la suite \u00bb<\/a><\/p>\n","protected":false},"author":3,"featured_media":0,"comment_status":"open","ping_status":"open","sticky":false,"template":"","format":"standard","meta":{"footnotes":""},"categories":[20177],"tags":[],"class_list":["post-13065","post","type-post","status-publish","format-standard","hentry","category-mode"],"_links":{"self":[{"href":"https:\/\/www.monblogdefille.com\/blog\/wp-json\/wp\/v2\/posts\/13065","targetHints":{"allow":["GET"]}}],"collection":[{"href":"https:\/\/www.monblogdefille.com\/blog\/wp-json\/wp\/v2\/posts"}],"about":[{"href":"https:\/\/www.monblogdefille.com\/blog\/wp-json\/wp\/v2\/types\/post"}],"author":[{"embeddable":true,"href":"https:\/\/www.monblogdefille.com\/blog\/wp-json\/wp\/v2\/users\/3"}],"replies":[{"embeddable":true,"href":"https:\/\/www.monblogdefille.com\/blog\/wp-json\/wp\/v2\/comments?post=13065"}],"version-history":[{"count":0,"href":"https:\/\/www.monblogdefille.com\/blog\/wp-json\/wp\/v2\/posts\/13065\/revisions"}],"wp:attachment":[{"href":"https:\/\/www.monblogdefille.com\/blog\/wp-json\/wp\/v2\/media?parent=13065"}],"wp:term":[{"taxonomy":"category","embeddable":true,"href":"https:\/\/www.monblogdefille.com\/blog\/wp-json\/wp\/v2\/categories?post=13065"},{"taxonomy":"post_tag","embeddable":true,"href":"https:\/\/www.monblogdefille.com\/blog\/wp-json\/wp\/v2\/tags?post=13065"}],"curies":[{"name":"wp","href":"https:\/\/api.w.org\/{rel}","templated":true}]}}