{"id":130575,"date":"2010-03-26T08:23:57","date_gmt":"2010-03-26T07:23:57","guid":{"rendered":"http:\/\/www.monblogdefille.com\/blog\/?p=130575"},"modified":"2010-11-25T13:34:49","modified_gmt":"2010-11-25T12:34:49","slug":"ouuuuuuuuuuuuuuuuuuuh-la-honte","status":"publish","type":"post","link":"https:\/\/www.monblogdefille.com\/blog\/ouuuuuuuuuuuuuuuuuuuh-la-honte\/","title":{"rendered":"Ouuuuuuuuuuuuuuuuuuuh, la honte !!!!!!!!!!!"},"content":{"rendered":"<p>Dans le Elle de cette semaine (enfin vu la date de sortie, celui de la semaine derni\u00e8re, bref, celui du 19 mars), un article intitul\u00e9 \u00ab\u00a0Trouver (enfin) son fond de teint !\u00a0\u00bb.<\/p>\n<p>Nat\u00fcrlich, je me jette dessus comme la v\u00e9role sur le bas-clerg\u00e9 breton.<\/p>\n<p>Et que lis-je, \u00e9pouvant\u00e9e ? Ca :<\/p>\n<p><img loading=\"lazy\" decoding=\"async\" class=\"alignnone size-full wp-image-130576\" title=\"elle fond de teint\" src=\"http:\/\/www.monblogdefille.com\/blog\/wp-content\/uploads\/2010\/03\/elle-fond-de-teint.jpg\" alt=\"\" width=\"500\" height=\"189\" \/><\/p>\n<p>Selon eux, il faudrait essayer le fond de teint sur sa main. J&rsquo;ai cru m&rsquo;\u00e9vanouir d&rsquo;effarement. On sait toutes que \u00e7a ne marche pas, la peau des mains n&rsquo;\u00e9tant pas de la m\u00eame couleur que celle de la figure (et puis de toute fa\u00e7on vous n&rsquo;allez pas porter votre fond de teint sur les mains).<\/p>\n<p>N&rsquo;importe quel maquilleur (et moi et moi et moi) vous dira que \u00e7a s&rsquo;essaye sur la m\u00e2choire ; la peau du visage doit \u00eatre de la m\u00eame couleur que celle du cou, or on ne met pas de fond de teint dans le cou (sinon on salope ses fringues), il doit donc \u00eatre raccord avec les deux, d&rsquo;o\u00f9 la position strat\u00e9gique de la m\u00e2choire pour essayer ce type de produit.<\/p>\n<p>Le reste de l&rsquo;article est parfait, quelle piti\u00e9 que cette phrase malheureuse vienne tout foutre en l&rsquo;air&#8230;<\/p>\n<p>PS : vous avez vu comme ma photo est pourrissime ? Et pourtant j&rsquo;ai pass\u00e9 un temps fou sur photoshop \u00e0 essayer de la rendre potable, si je vous collais l&rsquo;originale vous deveniez aveugles dans la seconde.<\/p>\n","protected":false},"excerpt":{"rendered":"<p>Dans le Elle de cette semaine (enfin vu la date de sortie, celui de la semaine derni\u00e8re, bref, celui du 19 mars), un article intitul\u00e9 \u00ab\u00a0Trouver (enfin) son fond de teint !\u00a0\u00bb. Nat\u00fcrlich, je me&#8230;<br \/> <a class=\"read-more\" href=\"https:\/\/www.monblogdefille.com\/blog\/ouuuuuuuuuuuuuuuuuuuh-la-honte\/\">Lire la suite \u00bb<\/a><\/p>\n","protected":false},"author":3,"featured_media":130576,"comment_status":"open","ping_status":"open","sticky":false,"template":"","format":"standard","meta":{"footnotes":""},"categories":[1485,5229],"tags":[20088,19975],"class_list":["post-130575","post","type-post","status-publish","format-standard","has-post-thumbnail","hentry","category-le-maquillage","category-les-magazines-de-gonzesses","tag-fond-de-teint","tag-teint-parfait"],"_links":{"self":[{"href":"https:\/\/www.monblogdefille.com\/blog\/wp-json\/wp\/v2\/posts\/130575","targetHints":{"allow":["GET"]}}],"collection":[{"href":"https:\/\/www.monblogdefille.com\/blog\/wp-json\/wp\/v2\/posts"}],"about":[{"href":"https:\/\/www.monblogdefille.com\/blog\/wp-json\/wp\/v2\/types\/post"}],"author":[{"embeddable":true,"href":"https:\/\/www.monblogdefille.com\/blog\/wp-json\/wp\/v2\/users\/3"}],"replies":[{"embeddable":true,"href":"https:\/\/www.monblogdefille.com\/blog\/wp-json\/wp\/v2\/comments?post=130575"}],"version-history":[{"count":0,"href":"https:\/\/www.monblogdefille.com\/blog\/wp-json\/wp\/v2\/posts\/130575\/revisions"}],"wp:featuredmedia":[{"embeddable":true,"href":"https:\/\/www.monblogdefille.com\/blog\/wp-json\/wp\/v2\/media\/130576"}],"wp:attachment":[{"href":"https:\/\/www.monblogdefille.com\/blog\/wp-json\/wp\/v2\/media?parent=130575"}],"wp:term":[{"taxonomy":"category","embeddable":true,"href":"https:\/\/www.monblogdefille.com\/blog\/wp-json\/wp\/v2\/categories?post=130575"},{"taxonomy":"post_tag","embeddable":true,"href":"https:\/\/www.monblogdefille.com\/blog\/wp-json\/wp\/v2\/tags?post=130575"}],"curies":[{"name":"wp","href":"https:\/\/api.w.org\/{rel}","templated":true}]}}