{"id":13053,"date":"2005-11-27T15:24:56","date_gmt":"2005-11-27T15:24:56","guid":{"rendered":"http:\/\/localhost\/wordpress\/?p=13053"},"modified":"2005-11-27T15:24:56","modified_gmt":"2005-11-27T15:24:56","slug":"madame-la-fee-sil-te-plait","status":"publish","type":"post","link":"https:\/\/www.monblogdefille.com\/blog\/madame-la-fee-sil-te-plait\/","title":{"rendered":"Madame la f\u00e9e s\u2019il te pla\u00eet\u2026"},"content":{"rendered":"<p><img decoding=\"async\" src=\"wp-content\/themes\/default\/images\/beyonce.jpg\" alt=\"beyonce\" align=\"right\" hspace=\"5px\" \/>Ca fait des ann\u00e9es que je m\u2019interroge sur les souhaits que je ferai le jour o\u00f9 une f\u00e9e viendra m\u2019interviewer. Ce jour-l\u00e0 pas question de tergiverser, c\u2019est surbook\u00e9 une f\u00e9e, faut pas tra\u00eener.<br \/>\n<br \/>Mettons qu\u2019elle m\u2019autorise un seul souhait, sachant que je parle \u00e9videmment de physique et de beaut\u00e9, je vais pas demander un robot Kenwood \u00e0 trois millions d\u2019euros, \u00e7a m\u2019int\u00e9resse pas du tout.<br \/>\n<br \/>J\u2019ai beaucoup r\u00e9fl\u00e9chi, et \u00e0 la question \u00ab si je devais changer UNE SEULE chose dans mon physique, ce serait quoi ? \u00bb, ma r\u00e9ponse ferme et d\u00e9finitive apr\u00e8s 35 ans \u00e0 \u00eatre une fille et 25 \u00e0 \u00eatre passionn\u00e9e par la girlitude, est :<br \/>\n<br \/>La couleur de ma peau.<br \/>\n<br \/>Yep, je voudrais \u00eatre caramel clair, c\u2019est mon r\u00eave. J\u2019aime pas les peaux blanches, et comme je suis malheureusement d\u2019ascendance franco-franchouillarde, je ressemble \u00e0 une endive par jour de grand froid. J\u2019ai horreur de \u00e7a, et je passe un temps fou l\u2019\u00e9t\u00e9 \u00e0 essayer de bronzer pour rattraper le truc. Sachant que \u00e7a me sao\u00fble de rester \u00e0 rien faire et que j\u2019ai horreur d\u2019avoir chaud, vous mesurerez le sacrifice.<br \/>\n<br \/>J\u2019adorerais avoir la peau de Beyonc\u00e9 ou d\u2019une star de Bollywood. Le pied total ! Toutes les couleurs et tous les bijoux sont sublimement mis en valeur sur ces peaux-l\u00e0 ! Elles peuvent porter du blanc ou du beige en plein hiver sans maquillage et sans \u00eatre exp\u00e9di\u00e9es direct chez le toubib pour cause de mine \u00e9pouvantable\u2026<br \/>\n<br \/>J\u2019ai beaucoup h\u00e9sit\u00e9 entre la couleur de la peau et l\u2019\u00e9paisseur des cheveux. Certains jours il m\u2019arrive m\u00eame de changer encore d\u2019avis, mais jamais longtemps. Les cheveux c\u2019est pas si pire finalement, j\u2019arrive \u00e0 faire avec ; la preuve j\u2019ai pas craqu\u00e9 pour les extensions \u00e0 900 \u20ac, alors que j\u2019en ai fait des s\u00e9ances d\u2019UV, quand j\u2019\u00e9tais jeune et b\u00eate\u2026<br \/>\n<br \/>Donc la f\u00e9e peut venir, je suis pr\u00eate.<br \/>\n<br \/>Si elle vient pas j\u2019ai plus qu\u2019\u00e0 esp\u00e9rer qu\u2019on trouve un jour le m\u00e9doc pour teindre la peau de l\u2019int\u00e9rieur ! ;-)<\/p>\n","protected":false},"excerpt":{"rendered":"<p>Ca fait des ann\u00e9es que je m\u2019interroge sur les souhaits que je ferai le jour o\u00f9 une f\u00e9e viendra m\u2019interviewer. Ce jour-l\u00e0 pas question de tergiverser, c\u2019est surbook\u00e9 une f\u00e9e, faut pas tra\u00eener. Mettons qu\u2019elle&#8230;<br \/> <a class=\"read-more\" href=\"https:\/\/www.monblogdefille.com\/blog\/madame-la-fee-sil-te-plait\/\">Lire la suite \u00bb<\/a><\/p>\n","protected":false},"author":3,"featured_media":0,"comment_status":"open","ping_status":"open","sticky":false,"template":"","format":"standard","meta":{"footnotes":""},"categories":[1475],"tags":[],"class_list":["post-13053","post","type-post","status-publish","format-standard","hentry","category-divers"],"_links":{"self":[{"href":"https:\/\/www.monblogdefille.com\/blog\/wp-json\/wp\/v2\/posts\/13053","targetHints":{"allow":["GET"]}}],"collection":[{"href":"https:\/\/www.monblogdefille.com\/blog\/wp-json\/wp\/v2\/posts"}],"about":[{"href":"https:\/\/www.monblogdefille.com\/blog\/wp-json\/wp\/v2\/types\/post"}],"author":[{"embeddable":true,"href":"https:\/\/www.monblogdefille.com\/blog\/wp-json\/wp\/v2\/users\/3"}],"replies":[{"embeddable":true,"href":"https:\/\/www.monblogdefille.com\/blog\/wp-json\/wp\/v2\/comments?post=13053"}],"version-history":[{"count":0,"href":"https:\/\/www.monblogdefille.com\/blog\/wp-json\/wp\/v2\/posts\/13053\/revisions"}],"wp:attachment":[{"href":"https:\/\/www.monblogdefille.com\/blog\/wp-json\/wp\/v2\/media?parent=13053"}],"wp:term":[{"taxonomy":"category","embeddable":true,"href":"https:\/\/www.monblogdefille.com\/blog\/wp-json\/wp\/v2\/categories?post=13053"},{"taxonomy":"post_tag","embeddable":true,"href":"https:\/\/www.monblogdefille.com\/blog\/wp-json\/wp\/v2\/tags?post=13053"}],"curies":[{"name":"wp","href":"https:\/\/api.w.org\/{rel}","templated":true}]}}