{"id":130525,"date":"2010-03-18T15:16:45","date_gmt":"2010-03-18T14:16:45","guid":{"rendered":"http:\/\/www.monblogdefille.com\/blog\/?p=130525"},"modified":"2014-01-31T20:48:39","modified_gmt":"2014-01-31T19:48:39","slug":"la-nouvelle-creme-minceur-de-biotherm","status":"publish","type":"post","link":"https:\/\/www.monblogdefille.com\/blog\/la-nouvelle-creme-minceur-de-biotherm\/","title":{"rendered":"La nouvelle cr\u00e8me minceur de Biotherm"},"content":{"rendered":"<p><img loading=\"lazy\" decoding=\"async\" class=\"alignnone size-full wp-image-130526\" title=\"biotherm minceur 2\" alt=\"\" src=\"http:\/\/www.monblogdefille.com\/blog\/wp-content\/uploads\/2010\/03\/biotherm-minceur-2.jpg\" width=\"500\" height=\"667\" \/><\/p>\n<p>Ca va, me sautez pas dessus en hurlant \u00ab\u00a0mais tu n&rsquo;utilises jamaiiiiiiiiiiiiiiis de cr\u00e8mes minceur !\u00a0\u00bb. Effectivement. Sauf quand je d\u00e9cide d&rsquo;en tester une pour voir si c&rsquo;est comme dans mon souvenir de quand j&rsquo;\u00e9tais jeune et b\u00eate. Donc inconfortable en plus d&rsquo;\u00eatre sinistre \u00e0 utiliser. Sauf qu&rsquo;on parle d&rsquo;un produit <a href=\"http:\/\/network.aufeminin.com\/call\/cliccommand\/3224084\/[timestamp]?\" target=\"_blank\" rel=\"me nofollow noopener\">Biotherm<\/a>, qui est un peu la marque qui inspire confiance, dont tout le monde a d\u00e9j\u00e0 utilis\u00e9 au moins un produit et dont je n&rsquo;ai pas connaissance d&rsquo;exp\u00e9rience n\u00e9gatives (oui ma phrase est bancale, laissez-moi tranquille).<\/p>\n<p>Et ben cette cr\u00e8me n&rsquo;est ni inconfortable, ni sinistre \u00e0 utiliser : d&rsquo;abord vous avez l&rsquo;impression que c&rsquo;est de la cr\u00e8me solaire vu qu&rsquo;elle est abricot nacr\u00e9 plut\u00f4t que vert m\u00e9dical, moi je dis, \u00e7a commence bien. Ensuite elle sent bon, un truc pas du tout ni sinistre. Les agrumes, je dirais (j&rsquo;adore les agrumes).<\/p>\n<p>Et surtout, surtout, hyyyyper important pour moi, elle ne dess\u00e8che pas la peau. Ca restait mon pire souvenir de cr\u00e8me minceur : genre il fallait mettre une cr\u00e8me hydratante par-dessus, mais on savait pas si \u00e7a allait pas perturber les actifs de la cr\u00e8me minceur du coup on n&rsquo;osait pas et on avait les cuisses qui tiraient \u00e0 mort, la oije totale.<\/p>\n<p>Celle-ci ne dess\u00e8che pas DU TOUT la peau, j&rsquo;en reviens pas.<\/p>\n<p>Je le disais d&rsquo;ailleurs aux gens de l&rsquo;\u00e9quipe Biotherm chez qui je suis all\u00e9e pour faire l&rsquo;interview qu&rsquo;on peut voir dans la vid\u00e9o (ouiiii, j&rsquo;ai vu les bureaux de Biotherm chez L&rsquo;Or\u00e9al Luxe, j&rsquo;\u00e9tais hyst\u00e9rique comme une fashioniasta qui fait l&rsquo;avenue Montaigne, vous imaginez ?? J&rsquo;ai baguenaud\u00e9 un peu partout dans les couloirs avec la d\u00e9licieuse Louise, charg\u00e9e de ce produit pour Biotherm, c&rsquo;\u00e9tait ultra sympa) : \u00ab\u00a0non mais vous avez vu ? Ce truc hydrate la peau !\u00a0\u00bb, ils \u00e9taient ravis que je souligne ce point a priori secondaire.<\/p>\n<p>Bref, un bon moment pass\u00e9 avec des gens qui croient \u00e0 ce qu&rsquo;ils font, pour un produit vraiment agr\u00e9able \u00e0 utiliser. Que demande le peuple ?<\/p>\n<p>PS : <a href=\"http:\/\/network.aufeminin.com\/call\/cliccommand\/3224084\/[timestamp]?\" target=\"_blank\" rel=\"me nofollow noopener\">la vid\u00e9o est visible ici<\/a>, elle est super bien faite et pour une fois je ne me trouve pas trop mal \u00e0 l&rsquo;\u00e9cran ;-)<\/p>\n<p><em>Billet sponsoris\u00e9<\/em><\/p>\n<p><img loading=\"lazy\" decoding=\"async\" style=\"display: none;\" alt=\"\" src=\"http:\/\/network.aufeminin.com\/call\/pubimppixel\/3224084\/[timestamp]?\" width=\"1\" height=\"1\" border=\"0\" \/><\/p>\n","protected":false},"excerpt":{"rendered":"<p>Ca va, me sautez pas dessus en hurlant \u00ab\u00a0mais tu n&rsquo;utilises jamaiiiiiiiiiiiiiiis de cr\u00e8mes minceur !\u00a0\u00bb. Effectivement. Sauf quand je d\u00e9cide d&rsquo;en tester une pour voir si c&rsquo;est comme dans mon souvenir de quand j&rsquo;\u00e9tais&#8230;<br \/> <a class=\"read-more\" href=\"https:\/\/www.monblogdefille.com\/blog\/la-nouvelle-creme-minceur-de-biotherm\/\">Lire la suite \u00bb<\/a><\/p>\n","protected":false},"author":3,"featured_media":130526,"comment_status":"open","ping_status":"open","sticky":false,"template":"","format":"standard","meta":{"footnotes":""},"categories":[1489],"tags":[],"class_list":["post-130525","post","type-post","status-publish","format-standard","has-post-thumbnail","hentry","category-le-soin"],"_links":{"self":[{"href":"https:\/\/www.monblogdefille.com\/blog\/wp-json\/wp\/v2\/posts\/130525","targetHints":{"allow":["GET"]}}],"collection":[{"href":"https:\/\/www.monblogdefille.com\/blog\/wp-json\/wp\/v2\/posts"}],"about":[{"href":"https:\/\/www.monblogdefille.com\/blog\/wp-json\/wp\/v2\/types\/post"}],"author":[{"embeddable":true,"href":"https:\/\/www.monblogdefille.com\/blog\/wp-json\/wp\/v2\/users\/3"}],"replies":[{"embeddable":true,"href":"https:\/\/www.monblogdefille.com\/blog\/wp-json\/wp\/v2\/comments?post=130525"}],"version-history":[{"count":0,"href":"https:\/\/www.monblogdefille.com\/blog\/wp-json\/wp\/v2\/posts\/130525\/revisions"}],"wp:featuredmedia":[{"embeddable":true,"href":"https:\/\/www.monblogdefille.com\/blog\/wp-json\/wp\/v2\/media\/130526"}],"wp:attachment":[{"href":"https:\/\/www.monblogdefille.com\/blog\/wp-json\/wp\/v2\/media?parent=130525"}],"wp:term":[{"taxonomy":"category","embeddable":true,"href":"https:\/\/www.monblogdefille.com\/blog\/wp-json\/wp\/v2\/categories?post=130525"},{"taxonomy":"post_tag","embeddable":true,"href":"https:\/\/www.monblogdefille.com\/blog\/wp-json\/wp\/v2\/tags?post=130525"}],"curies":[{"name":"wp","href":"https:\/\/api.w.org\/{rel}","templated":true}]}}