{"id":130464,"date":"2010-03-12T08:33:37","date_gmt":"2010-03-12T07:33:37","guid":{"rendered":"http:\/\/www.monblogdefille.com\/blog\/?p=130464"},"modified":"2011-01-02T18:07:47","modified_gmt":"2011-01-02T17:07:47","slug":"le-combo-make-up-ideal-pour-partir-en-week-end-2","status":"publish","type":"post","link":"https:\/\/www.monblogdefille.com\/blog\/le-combo-make-up-ideal-pour-partir-en-week-end-2\/","title":{"rendered":"Le combo make up id\u00e9al pour partir en week-end"},"content":{"rendered":"<p><img loading=\"lazy\" decoding=\"async\" class=\"alignnone size-full wp-image-130465\" title=\"make up week end\" src=\"http:\/\/www.monblogdefille.com\/blog\/wp-content\/uploads\/2010\/03\/make-up-week-end.jpg\" alt=\"\" width=\"500\" height=\"375\" \/><\/p>\n<p>Les jeunes, je suis ravie, je crois que je viens de mettre au point ma trousse \u00e0 make up de week-end id\u00e9ale*.<\/p>\n<p>Il y a dans la trousse \u00e0 make up de week-end un imp\u00e9ratif, pour ce qui me concerne : pas de pinceaux (j&rsquo;aime pas les transporter, \u00e7a peut les ab\u00eemer ; et pis je voyage hyper l\u00e9ger).<\/p>\n<p>Donc pas de poudre (j&rsquo;aime pas poser la poudre \u00e0 la houppette &#8211; oui je sais qu&rsquo;on peut la poser \u00e0 la main, mais comme j&rsquo;en mets d\u00e9j\u00e0 pas beaucoup au pinceau quand je suis chez moi, je vais pas m&#8217;emmerder \u00e0 en mettre \u00e0 la main quand j&rsquo;y suis pas).<\/p>\n<p>Je crois que j&rsquo;ai atteint un \u00e9quilibre assez parfait qui me fout en transe et que j&rsquo;avais besoin de partager avec vous, voyez plut\u00f4t :<\/p>\n<p><strong>Le fond de teint Healthy Mix de Bourjois<\/strong> : perso j&rsquo;ai pas besoin de le poudrer (si d&rsquo;autres l&rsquo;ont, je veux bien leur retour sur le poudrage ou pas) ;<\/p>\n<p><strong>L&rsquo;anti cernes Healthy Mix de Bourjois<\/strong> : non plus (pas de poudre, donc), ce qui est RARISSIME chez un anti cernes ;<\/p>\n<p>Mon <strong>blush cr\u00e8me Illamasqua<\/strong> pr\u00e9f\u00e9r\u00e9 (couleur : Rude. Je vous le note parce que je sais que sinon vous allez me vagir la question) ;<\/p>\n<p>Mon <strong>Smoky Lash<\/strong> d&rsquo;amour. Pas besoin de poudr&#8230; ah non pardon, pas lui.<\/p>\n<p>Ben oui c&rsquo;est tout, d\u00e9j\u00e0 je voyage l\u00e9ger, et en plus les 3\/4 du temps je me maquille pas, en ouikende (j&rsquo;adore \u00eatre pas maquill\u00e9e, je trouve \u00e7a super reposant).<\/p>\n<p>* pour l&rsquo;hiver. Evidemment pour l&rsquo;\u00e9t\u00e9 il faudra tout refaire, hell (ah ben oui \u00e7a m&rsquo;a pris du temps d&rsquo;arriver \u00e0 cet \u00e9quilibre).<\/p>\n","protected":false},"excerpt":{"rendered":"<p>Les jeunes, je suis ravie, je crois que je viens de mettre au point ma trousse \u00e0 make up de week-end id\u00e9ale*. Il y a dans la trousse \u00e0 make up de week-end un imp\u00e9ratif,&#8230;<br \/> <a class=\"read-more\" href=\"https:\/\/www.monblogdefille.com\/blog\/le-combo-make-up-ideal-pour-partir-en-week-end-2\/\">Lire la suite \u00bb<\/a><\/p>\n","protected":false},"author":3,"featured_media":130465,"comment_status":"open","ping_status":"open","sticky":false,"template":"","format":"standard","meta":{"footnotes":""},"categories":[1485],"tags":[20093,20094,20088,19952],"class_list":["post-130464","post","type-post","status-publish","format-standard","has-post-thumbnail","hentry","category-le-maquillage","tag-anti-cernes","tag-blush","tag-fond-de-teint","tag-mascara"],"_links":{"self":[{"href":"https:\/\/www.monblogdefille.com\/blog\/wp-json\/wp\/v2\/posts\/130464","targetHints":{"allow":["GET"]}}],"collection":[{"href":"https:\/\/www.monblogdefille.com\/blog\/wp-json\/wp\/v2\/posts"}],"about":[{"href":"https:\/\/www.monblogdefille.com\/blog\/wp-json\/wp\/v2\/types\/post"}],"author":[{"embeddable":true,"href":"https:\/\/www.monblogdefille.com\/blog\/wp-json\/wp\/v2\/users\/3"}],"replies":[{"embeddable":true,"href":"https:\/\/www.monblogdefille.com\/blog\/wp-json\/wp\/v2\/comments?post=130464"}],"version-history":[{"count":0,"href":"https:\/\/www.monblogdefille.com\/blog\/wp-json\/wp\/v2\/posts\/130464\/revisions"}],"wp:featuredmedia":[{"embeddable":true,"href":"https:\/\/www.monblogdefille.com\/blog\/wp-json\/wp\/v2\/media\/130465"}],"wp:attachment":[{"href":"https:\/\/www.monblogdefille.com\/blog\/wp-json\/wp\/v2\/media?parent=130464"}],"wp:term":[{"taxonomy":"category","embeddable":true,"href":"https:\/\/www.monblogdefille.com\/blog\/wp-json\/wp\/v2\/categories?post=130464"},{"taxonomy":"post_tag","embeddable":true,"href":"https:\/\/www.monblogdefille.com\/blog\/wp-json\/wp\/v2\/tags?post=130464"}],"curies":[{"name":"wp","href":"https:\/\/api.w.org\/{rel}","templated":true}]}}