{"id":13046,"date":"2006-02-10T09:56:47","date_gmt":"2006-02-10T08:56:47","guid":{"rendered":"http:\/\/localhost\/wordpress\/?p=13046"},"modified":"2016-08-15T20:21:23","modified_gmt":"2016-08-15T18:21:23","slug":"je-devrais-vivre-a-roubaix","status":"publish","type":"post","link":"https:\/\/www.monblogdefille.com\/blog\/je-devrais-vivre-a-roubaix\/","title":{"rendered":"Je devrais vivre \u00e0 Roubaix\u2026"},"content":{"rendered":"<p><img decoding=\"async\" src=\"wp-content\/themes\/default\/images\/redoute.jpg\" alt=\"redoute\" align=\"left\" hspace=\"5\" \/>\u2026 je serais \u00e0 deux pas des entrep\u00f4ts de la Redoute et de ses 174 filiales, ce serait pratique (un peu loin d\u2019Hawa\u00ef \u00e9videmment, mais il y a des priorit\u00e9s dans la vie).<\/p>\n<p>Oui parce que voyez-vous, toute snob et parisienne que je suis, j\u2019ai une v\u00e9ritable addiction \u00e0 la Redoute. Depuis des ann\u00e9es. J\u2019ai essay\u00e9 de me d\u00e9sintoxiquer, consciente de l\u2019indignit\u00e9 d\u2019une telle attirance, en vain.<\/p>\n<p>Le catalogue printemps-\u00e9t\u00e9 qui arrive opportun\u00e9ment le 26 d\u00e9cembre jusque sous le sapin d\u00e9sert\u00e9 par les cadals (contrairement \u00e0 gatal, cadal ne s\u2019accorde pas au pluriel), j\u2019adore : c\u2019est le soleil des tropiques, le sable chaud, les vagues ti\u00e8des sous le souffle doux des aliz\u00e9s, le rythme du steel band et le parfum des fleurs, tout \u00e7a pour pas un rond et en plein hiver arctique.<\/p>\n<p>Vous arrivez \u00e0 r\u00e9sister \u00e0 \u00e7a vous ?<\/p>\n<p>Moi non. Je passe la soir\u00e9e \u00e0 feuilleter avec passion le catalogue dans mon lit (c\u2019est le seul endroit o\u00f9 je cr\u00e8ve pas de froid chez moi).<\/p>\n<p>Je marque les pages o\u00f9 il y a des trucs que je veux acheter (une sur deux, donc).<\/p>\n<p>J\u2019interpelle l\u2019Homme toutes les deux minutes en br\u00e2mant \u00ab haaannnn, la tunique de mes r\u00eaves ! \u00bb.<\/p>\n<p>Apr\u00e8s deux jours de fantasmes intensifs sur la fringue l\u00e9g\u00e8re et les temp\u00e9ratures estivales, je me calme et oublie le machin dans un coin. Jusqu\u2019au 15 f\u00e9vrier, o\u00f9 je suis brusquement reprise d\u2019un furieux besoin d\u2019\u00e9t\u00e9, et o\u00f9 je passe commande. Douze trucs, au bas mot, tous plus vaporeux et pastels les uns que les autres, et que je ne porterai pas avant le mois de juin si on a du pot, et pas du tout si on n\u2019en a pas (juillet en pull \u00e0 Paris, j\u2019ai d\u00e9j\u00e0 v\u00e9cu).<\/p>\n<p>Apr\u00e8s 24 heures \u00e0 tr\u00e9pigner d\u2019impatience, je peux enfin me livrer \u00e0 l\u2019essayage \u00e9chevel\u00e9 de ma pile de fantasmes, avec le plaisir immense d\u2019avoir ma chambre pour cabine d\u2019essayage, un \u00e9clairage normal, pas de vendeuse sur le dos (\u00e7a va la taille ? non, j\u2019ai pris du 12 ans pour rigoler), et tout mon temps.<\/p>\n<p>Tout mon temps pour pleurer oui, parce que bien entendu rien ne va, \u00e0 part les quatre sacs \u00e0 main (dont je n\u2019ai finalement pas envie, \u00e7a va de soi) :<\/p>\n<p>La tunique me sert \u00e0 mort la poitrine, les bretelles de la robe font 1m20 de long, le pantalon blanc est transparent (comment ai-je pu une seconde imaginer l\u2019inverse ?), le maillot rose me va comme un tablier \u00e0 une vache, le pareo hawaien (pas trouv\u00e9 mieux pour me rapprocher des mecs) fait la taille d\u2019une serviette de table, les tongs me foutent les pieds en sang \u00e0 peine j\u2019ai pos\u00e9 les yeux dessus, et dans la veste kaki je ne peux pas bouger les bras.<\/p>\n<p>Furax, je laisse tout en tas sur mon lit et vais me taper quelques verres de chablis pour me consoler.<\/p>\n<p>Apr\u00e8s quoi j\u2019entreprends de remettre chaque fringue dans son sachet d\u2019origine. Tout est m\u00e9lang\u00e9, et comme je suis compl\u00e8tement p\u00e9t\u00e9e je mets une demi-heure \u00e0 retrouver la pochette du maillot qui s\u2019est myst\u00e9rieusement gliss\u00e9e toute seule dans un des sacs \u00e0 main ; quand je termine, la crise de nerfs n\u2019est pas loin, et il me reste deux pochettes vides que je flanque sournoisement \u00e0 la poubelle.<\/p>\n<p>Je m\u2019attaque ensuite \u00e0 la fiche de retour dans laquelle je dois expliquer les raisons qui me poussent \u00e0 ne pas garder cette marchandise merveilleuse.<\/p>\n<p>Comme je ne peux pas dire \u00ab tout est moche, merdique et mal coup\u00e9 \u00bb parce que \u00e7a tient pas dans les cases, je chercher courageusement les num\u00e9ros susceptibles de correspondre au Waterloo modesque que je viens de subir.<\/p>\n<p>Apr\u00e8s avoir longuement h\u00e9sit\u00e9 entre 7 : \u00ab trop large \u00e0 la taille \u00bb et 8 : \u00ab trop \u00e9troit aux hanches \u00bb, qui semblent s\u2019appliquer \u00e0 tous les articles \u00e0 part les sacs \u00e0 main, j\u2019opte pour 10 : \u00ab d\u00e9\u00e7ue par rapport \u00e0 la photo du catalogue \u00bb. Ca mange pas de pain, et c\u2019est ce qu\u2019il y a de plus proche de la v\u00e9rit\u00e9 : sur les photos on se croirait chez Vogue, en vrai on est chez Auchan.<br \/>\nPas que j\u2019ai quelque chose contre Auchan (enfin si mais je voudrais vexer personne), mais j\u2019aime pas qu\u2019on me raconte n\u2019importe quoi. Genre \u00ab ce truc est sublime et pas cher du tout \u00bb, alors qu\u2019en fait c\u2019est immonde et que \u00e7a vaut \u00e0 peine les timbres pour le renvoyer.<\/p>\n<p>Ca ne m\u2019emp\u00eachera pas de recommencer joyeusement chaque ann\u00e9e, oublieuse de toute cette gal\u00e8re.<\/p>\n<p>J\u2019ai une \u00e2me de m\u00e9nag\u00e8re (plus ou moins de 50 ans, \u00e7a compte m\u00eame plus \u00e0 ce stade-l\u00e0), honte, honte, honte. Comment ai-je encore le front de me pr\u00e9senter au Flore apr\u00e8s un tel constat ??<\/p>\n","protected":false},"excerpt":{"rendered":"<p>\u2026 je serais \u00e0 deux pas des entrep\u00f4ts de la Redoute et de ses 174 filiales, ce serait pratique (un peu loin d\u2019Hawa\u00ef \u00e9videmment, mais il y a des priorit\u00e9s dans la vie). Oui parce&#8230;<br \/> <a class=\"read-more\" href=\"https:\/\/www.monblogdefille.com\/blog\/je-devrais-vivre-a-roubaix\/\">Lire la suite \u00bb<\/a><\/p>\n","protected":false},"author":3,"featured_media":0,"comment_status":"open","ping_status":"open","sticky":false,"template":"","format":"standard","meta":{"footnotes":""},"categories":[20177],"tags":[],"class_list":["post-13046","post","type-post","status-publish","format-standard","hentry","category-mode"],"_links":{"self":[{"href":"https:\/\/www.monblogdefille.com\/blog\/wp-json\/wp\/v2\/posts\/13046","targetHints":{"allow":["GET"]}}],"collection":[{"href":"https:\/\/www.monblogdefille.com\/blog\/wp-json\/wp\/v2\/posts"}],"about":[{"href":"https:\/\/www.monblogdefille.com\/blog\/wp-json\/wp\/v2\/types\/post"}],"author":[{"embeddable":true,"href":"https:\/\/www.monblogdefille.com\/blog\/wp-json\/wp\/v2\/users\/3"}],"replies":[{"embeddable":true,"href":"https:\/\/www.monblogdefille.com\/blog\/wp-json\/wp\/v2\/comments?post=13046"}],"version-history":[{"count":0,"href":"https:\/\/www.monblogdefille.com\/blog\/wp-json\/wp\/v2\/posts\/13046\/revisions"}],"wp:attachment":[{"href":"https:\/\/www.monblogdefille.com\/blog\/wp-json\/wp\/v2\/media?parent=13046"}],"wp:term":[{"taxonomy":"category","embeddable":true,"href":"https:\/\/www.monblogdefille.com\/blog\/wp-json\/wp\/v2\/categories?post=13046"},{"taxonomy":"post_tag","embeddable":true,"href":"https:\/\/www.monblogdefille.com\/blog\/wp-json\/wp\/v2\/tags?post=13046"}],"curies":[{"name":"wp","href":"https:\/\/api.w.org\/{rel}","templated":true}]}}