{"id":13043,"date":"2005-11-10T13:18:57","date_gmt":"2005-11-10T12:18:57","guid":{"rendered":"http:\/\/localhost\/wordpress\/?p=13043"},"modified":"2012-01-01T18:28:47","modified_gmt":"2012-01-01T17:28:47","slug":"meme-pas-lemeute","status":"publish","type":"post","link":"https:\/\/www.monblogdefille.com\/blog\/meme-pas-lemeute\/","title":{"rendered":"M\u00eame pas l&rsquo;\u00e9meute !"},"content":{"rendered":"<p><img decoding=\"async\" src=\"wp-content\/themes\/default\/images\/stella.jpg\" alt=\"Stella\" align=\"right\" hspace=\"5\" \/>Chuis limite d\u00e9\u00e7ue dites donc. Je m\u2019attendais \u00e0 des hordes de fashion victims en folie s\u2019arrachant les fringues en bramant, et ben pas du tout. Tout calme et civilis\u00e9, mon H&amp;M.<\/p>\n<p>Certes \u00e0 la caisse tous les v\u00eatements achet\u00e9s \u00e9taient sign\u00e9s Stella Mac Cartney, mais rien \u00e0 voir avec la folie d\u00e9clench\u00e9e il y a un an par le collection dessin\u00e9e par Karl Lagerfeld.<\/p>\n<p>Et bien croyez-moi, les gens sont bien b\u00eates, parce que Stella fait des choses absolument ravissantes (bien plus que Karl, \u00e0 mon avis).<\/p>\n<p>Mise en place de cette collection sp\u00e9ciale aujourd\u2019hui donc, je me suis point\u00e9e \u00e0 11h30, persuad\u00e9e de trouver soir l\u2019\u00e9meute sus-cit\u00e9e, soit des rayons vides ambiance Pologne apr\u00e8s-guerre.<\/p>\n<p>Et alors l\u00e0 je vous pr\u00e9sente l\u2019immense avantage de faire du 44 et non du 38, car en cas de petite folie modeuse, c\u2019est la seule taille qui reste, hin hin.<\/p>\n<p>J\u2019ai donc pu attraper tout ce qui me plaisait sous le nez frustr\u00e9 des nanas qui se nourrissent b\u00eatement de salade, et faire mon petit march\u00e9.<\/p>\n<p>Mon butin :<\/p>\n<p>&#8211; un tr\u00e8s beau pantalon de smocking (nan j\u2019ai pas pris la veste avec, j\u2019aime pas les vestes, j\u2019en porte jamais),<\/p>\n<p>&#8211; une robe cache-c\u0153ur en soie rose poudre (un peu ma couleur de folie, si vous voulez tout savoir) avec des finitions d\u2019une classe folle,<\/p>\n<p>&#8211; un pull en soie et laine avec profond col V et rubans de soie, rose poudre lui aussi.<\/p>\n<p>Et tout \u00e7a gr\u00e2ce \u00e0 qui ? A mes ex-coll\u00e8gues de R\u00e9publictours, qui m\u2019ont offert pour mon d\u00e9part il y a deux semaines des tas de bons d\u2019achats H&amp;M.<\/p>\n<p>Merci les zenfants, gr\u00e2ce \u00e0 vous je suis habill\u00e9e cr\u00e9ateur pour l\u2019hiver ! ;-)<\/p>\n","protected":false},"excerpt":{"rendered":"<p>Chuis limite d\u00e9\u00e7ue dites donc. Je m\u2019attendais \u00e0 des hordes de fashion victims en folie s\u2019arrachant les fringues en bramant, et ben pas du tout. Tout calme et civilis\u00e9, mon H&amp;M. Certes \u00e0 la caisse&#8230;<br \/> <a class=\"read-more\" href=\"https:\/\/www.monblogdefille.com\/blog\/meme-pas-lemeute\/\">Lire la suite \u00bb<\/a><\/p>\n","protected":false},"author":3,"featured_media":0,"comment_status":"open","ping_status":"open","sticky":false,"template":"","format":"standard","meta":{"footnotes":""},"categories":[19927],"tags":[],"class_list":["post-13043","post","type-post","status-publish","format-standard","hentry","category-looks"],"_links":{"self":[{"href":"https:\/\/www.monblogdefille.com\/blog\/wp-json\/wp\/v2\/posts\/13043","targetHints":{"allow":["GET"]}}],"collection":[{"href":"https:\/\/www.monblogdefille.com\/blog\/wp-json\/wp\/v2\/posts"}],"about":[{"href":"https:\/\/www.monblogdefille.com\/blog\/wp-json\/wp\/v2\/types\/post"}],"author":[{"embeddable":true,"href":"https:\/\/www.monblogdefille.com\/blog\/wp-json\/wp\/v2\/users\/3"}],"replies":[{"embeddable":true,"href":"https:\/\/www.monblogdefille.com\/blog\/wp-json\/wp\/v2\/comments?post=13043"}],"version-history":[{"count":0,"href":"https:\/\/www.monblogdefille.com\/blog\/wp-json\/wp\/v2\/posts\/13043\/revisions"}],"wp:attachment":[{"href":"https:\/\/www.monblogdefille.com\/blog\/wp-json\/wp\/v2\/media?parent=13043"}],"wp:term":[{"taxonomy":"category","embeddable":true,"href":"https:\/\/www.monblogdefille.com\/blog\/wp-json\/wp\/v2\/categories?post=13043"},{"taxonomy":"post_tag","embeddable":true,"href":"https:\/\/www.monblogdefille.com\/blog\/wp-json\/wp\/v2\/tags?post=13043"}],"curies":[{"name":"wp","href":"https:\/\/api.w.org\/{rel}","templated":true}]}}