{"id":13032,"date":"2005-10-23T19:03:21","date_gmt":"2005-10-23T18:03:21","guid":{"rendered":"http:\/\/localhost\/wordpress\/?p=13032"},"modified":"2011-01-02T18:17:54","modified_gmt":"2011-01-02T17:17:54","slug":"a-bas-les-prejuges","status":"publish","type":"post","link":"https:\/\/www.monblogdefille.com\/blog\/a-bas-les-prejuges\/","title":{"rendered":"A bas les pr\u00e9jug\u00e9s"},"content":{"rendered":"<p><img decoding=\"async\" src=\"wp-content\/themes\/default\/images\/sephora.jpg\" alt=\"S\u00e9phora\" align=\"left\" hspace=\"5\" \/>Aujourd\u2019hui c\u2019\u00e9tait dimanche, et comme je sais plus qui (Arletty ? je pr\u00e9f\u00e8rerais que \u00e7a soit quelqu\u2019un d\u2019autre, je la trouve pas super chic), j\u2019aime pas le dimanche, surtout quand j\u2019ai la gueule de bois.<\/p>\n<p>Pour tenter d\u2019a\u00e9rer un peu mon teint d\u2019endive et mon cerveau ronchon, j\u2019ai entra\u00een\u00e9 mon homme, aussi brumasseux que moi, Cour saint Emilion. Pas pour piccoler hein, pour tra\u00eenasser, faire les boutiques, boire un caf\u00e9 dans une petite ambiance anim\u00e9e.<\/p>\n<p>Oui oui, vous me voyez venir, avec mes gros sabots d\u2019H\u00e9l\u00e8ne, Cour saint Emilion il y a un Sephora ;-)<\/p>\n<p>Je pr\u00e9f\u00e8re le Printemps et le Bon March\u00e9, \u00e9videmment, mais le dimanche on fait avec ce qu\u2019on a sous la main, en cas d\u2019urgence je suis bien contente de les trouver.<\/p>\n<p>Mon mec avait eu le temps de mettre \u00e0 sac l\u2019int\u00e9gralit\u00e9 de la boutique Andaska (y font des fringues pour les trappeurs, je sais pas pourquoi \u00e7a le fascine, quand on sort de Paris que pour aller dans le Lub\u00e9ron c\u2019est moyen indispensable, mais bon), que j\u2019en \u00e9tais toujours au premier rayon, \u00e0 un m\u00e8tre de la porte d\u2019entr\u00e9e&#8230;<\/p>\n<p>Du coup il est reparti je sais pas o\u00f9, le temps que j\u2019essaye 14 autres anti-cernes. Ben oui, je me suis dit que c\u2019\u00e9tait l\u2019occasion de faire des exp\u00e9riences pour mon blog !! Enfin quoi ! La science ne recule devant aucun sacrifice !<\/p>\n<p>J\u2019ai fini par mettre la main sur un stick Stila qui a l\u2019air tr\u00e8s bien, bonne couvrance, je l\u2019ai essay\u00e9 sur mon \u0153il (ne faites JAMAIS \u00e7a, c\u2019est un coup a attraper la grippe aviaire ou une conjonctivite) la couleur va bien, et surtout c\u2019est un stick, miracle ! C\u2019est tellement pratique !<br \/>\nJ\u2019aime beaucoup Stila, j\u2019ai depuis des ann\u00e9es un blush de chez eux qui est super.<\/p>\n<p>Bon, une fois mon truc beigasse \u00e0 la main, j\u2019\u00e9tais bien contente, mais c\u2019est pas ce qu\u2019on appelle un achat plaisir. Je me suis donc dirig\u00e9e en crabe vers les gloss.<\/p>\n<p>J\u2019ai repens\u00e9 \u00e0 ce qu\u2019avait dit Delphine \u00e0 propos des Clinique, et j&rsquo;ai r\u00e9essay\u00e9 ceux en tubes avec applicateur mousse, parce que celui que j\u2019ai n\u2019a pas d\u2019applicateur, ce sont ceux qu\u2019on met direct sur la bouche avec le tube (je ne suis pas s\u00fbre de me faire clairement comprendre, les vapeurs n\u2019ont pas totalement d\u00e9sert\u00e9 mon cerveau).<br \/>\nJe retire ce que j\u2019ai dit \u00e0 propos des couleurs et des paillettes, en fait ils sont tr\u00e8s jolis. Mais c\u2019est tr\u00e8s bizarre, \u00e7a sent mauvais. Etrange pour du Clinique non ?? Ca sent une sorte de produit d\u2019entretien, j\u2019\u00e9tais sci\u00e9e ! Jamais je ne pourrai mettre \u00e7a sur ma bouche. C\u2019est b\u00eate, il y en avait un \u00ab poussi\u00e8re d\u2019\u00e9toile \u00bb superbe.<\/p>\n<p>Oui parce que je cherche \u00e0 \u00ab doubler \u00bb mon Dior Kiss Barbe \u00e0 Papa, pour en avoir pareil \u00e0 mettre avant de manger du confit de canard. Ben oui j\u2019en mange trois fois par semaine, qu\u2019est-ce que vous croyez, c\u2019est pas lourd le confit.<\/p>\n<p>Mais tout n\u2019\u00e9tait pas perdu !<\/p>\n<p>Juste de l\u2019autre c\u00f4t\u00e9 du pr\u00e9sentoir, Chanel. Oui, j\u2019ai dit il y a peu que je n\u2019aimais pas le maquillage Chanel. Je reconnais mon erreur, c\u2019\u00e9tait en souvenir des rouges \u00e0 l\u00e8vres et du vernis \u00e0 ongle de mon adolescence, qui \u00e0 l\u2019\u00e9poque ne tenaient pas du tout. Parce que l\u00e0 m\u2019attendait un autre gloss \u00ab poussi\u00e8re d\u2019\u00e9toile \u00bb (c\u2019est pas marqu\u00e9 sur le tube, c\u2019est moi qui les appelle comme \u00e7a). Tremblante d\u2019appr\u00e9hension (va-t-il sentir la tarte au citron ? avoir go\u00fbt de cr\u00e8me caramel ?) j\u2019en mets sur ma main, je sens\u2026 rien ! Je l\u00e8che\u2026 toujours rien ! Miracle, gloire et beaut\u00e9 !!!<\/p>\n<p>La main couverte d\u2019\u00e9toiles et de salive (oui j\u2019en rajoute), je choppe une vendeuse afin d\u2019obtenir la merveille. C\u2019\u00e9tait mon mec qui \u00e9tait content que tout \u00e7a ne m\u2019ait pris que 45 minutes, au final.<\/p>\n<p>Comme quoi, la cosm\u00e9to, c\u2019est comme les l\u00e9gumes pour les enfants, faut pas se d\u00e9courager, et toujours r\u00e9essayer.<\/p>\n","protected":false},"excerpt":{"rendered":"<p>Aujourd\u2019hui c\u2019\u00e9tait dimanche, et comme je sais plus qui (Arletty ? je pr\u00e9f\u00e8rerais que \u00e7a soit quelqu\u2019un d\u2019autre, je la trouve pas super chic), j\u2019aime pas le dimanche, surtout quand j\u2019ai la gueule de bois&#8230;.<br \/> <a class=\"read-more\" href=\"https:\/\/www.monblogdefille.com\/blog\/a-bas-les-prejuges\/\">Lire la suite \u00bb<\/a><\/p>\n","protected":false},"author":3,"featured_media":0,"comment_status":"open","ping_status":"open","sticky":false,"template":"","format":"standard","meta":{"footnotes":""},"categories":[1485],"tags":[20093,19954],"class_list":["post-13032","post","type-post","status-publish","format-standard","hentry","category-le-maquillage","tag-anti-cernes","tag-sephora"],"_links":{"self":[{"href":"https:\/\/www.monblogdefille.com\/blog\/wp-json\/wp\/v2\/posts\/13032","targetHints":{"allow":["GET"]}}],"collection":[{"href":"https:\/\/www.monblogdefille.com\/blog\/wp-json\/wp\/v2\/posts"}],"about":[{"href":"https:\/\/www.monblogdefille.com\/blog\/wp-json\/wp\/v2\/types\/post"}],"author":[{"embeddable":true,"href":"https:\/\/www.monblogdefille.com\/blog\/wp-json\/wp\/v2\/users\/3"}],"replies":[{"embeddable":true,"href":"https:\/\/www.monblogdefille.com\/blog\/wp-json\/wp\/v2\/comments?post=13032"}],"version-history":[{"count":0,"href":"https:\/\/www.monblogdefille.com\/blog\/wp-json\/wp\/v2\/posts\/13032\/revisions"}],"wp:attachment":[{"href":"https:\/\/www.monblogdefille.com\/blog\/wp-json\/wp\/v2\/media?parent=13032"}],"wp:term":[{"taxonomy":"category","embeddable":true,"href":"https:\/\/www.monblogdefille.com\/blog\/wp-json\/wp\/v2\/categories?post=13032"},{"taxonomy":"post_tag","embeddable":true,"href":"https:\/\/www.monblogdefille.com\/blog\/wp-json\/wp\/v2\/tags?post=13032"}],"curies":[{"name":"wp","href":"https:\/\/api.w.org\/{rel}","templated":true}]}}