{"id":13030,"date":"2005-10-20T20:23:10","date_gmt":"2005-10-20T19:23:10","guid":{"rendered":"http:\/\/localhost\/wordpress\/?p=13030"},"modified":"2011-01-02T18:18:53","modified_gmt":"2011-01-02T17:18:53","slug":"lanti-cerne-meilleur-ami-de-la-femme-apres-le-diamant","status":"publish","type":"post","link":"https:\/\/www.monblogdefille.com\/blog\/lanti-cerne-meilleur-ami-de-la-femme-apres-le-diamant\/","title":{"rendered":"L\u2019anti-cerne, meilleur ami de la femme apr\u00e8s le diamant"},"content":{"rendered":"<p><img decoding=\"async\" src=\"wp-content\/themes\/default\/images\/anticerne.jpg\" alt=\"anti-cerne\" align=\"left\" hspace=\"3\" \/>Je vous conc\u00e8de le c\u00f4t\u00e9 l\u00e9g\u00e8rement r\u00e9trograde et raccoleur du titre. N\u00e9anmoins, nous sommes sur un blog de fille, et donc pas l\u00e0 pour br\u00fbler nos soutifs mais pour papoter entre nous des m\u00e9rites compar\u00e9s de ce qui nous fait plaisir.<\/p>\n<p>Or donc, en mati\u00e8re d\u2019\u00e9clat apport\u00e9 \u00e0 votre petit visage have et d\u00e9cr\u00e9pit en plein mois de janvier quand vous avez la cr\u00e8ve et plein de boulot, que les soldes sont finies et les vacances encore loin, qui du diamant et de l\u2019anti-cerne, d\u00e9tient la palme ?<\/p>\n<p>Celles qui r\u00e9pondront le diamant ont gagn\u00e9 le droit de devenir star du R\u2019n B pour se les payer. Perso j\u2019ai une t\u00eate \u00e0 chanter comme Marie-Chantal, c\u2019est pourquoi j\u2019ai jet\u00e9 mon d\u00e9volu sur cette merveille qu\u2019est l\u2019anti-cernes.<\/p>\n<p>J\u2019ai une micro-circulation du dessous des yeux naturellement mal-foutue, qui fait que m\u00eame quand j\u2019avais 3 ans les gens demandaient \u00e0 ma m\u00e8re pourquoi j\u2019avais l\u2019air si fatigu\u00e9 (les enfants ne portent pas d\u2019anti-cerne, ce que je d\u00e9plore, \u00e7a permettrait aux parents d\u2019avoir la paix dans la queue \u00e0 la boulangerie).<\/p>\n<p>Aujourd\u2019hui mes coll\u00e8gues menacent de me faire rapatrier sanitaire si je d\u00e9barque le matin pas maquill\u00e9e, et je ne peux vivre sans anti-cernes.<br \/>\nJ\u2019en ai \u00e9videmment essay\u00e9 des tas, me sacrifiant joyeusement pour la cause de mes soeurs \u00e0 la paupi\u00e8re bistre et m\u00e9diterran\u00e9enne.<\/p>\n<p>Alors il faut savoir une chose, malgr\u00e9 l\u2019immmmmmmmense tentation de prendre un truc super clair pour compenser toutes ces ann\u00e9es d\u2019enfance avec un dessous d\u2019\u0153il violac\u00e9, il ne faut pas. Si vous faites \u00e7a, vous aurez l\u2019air d\u2019un hibou. Oui, comme dans Harry Potter, le grand machin blanc qui porte le courrier. Le but est juste d\u2019avoir l\u2019air d\u2019une fille \u00e0 la micro-circulation normale, pas d\u2019un grand-duc.<\/p>\n<p>Il faut que la couleur reste proche de celle du reste du visage. Donc l\u2019essai sur la main ne sert pas \u00e0 grand chose (vous avez d\u00e9j\u00e0 mis les mains \u00e0 c\u00f4t\u00e9 de votre figure ? Non ? Ben essayez, vous verrez, c\u2019est pas la m\u00eame peau), mais direct sur la zone concern\u00e9e si on peut. Chez M.A.C on peut, ils vous d\u00e9maquillent la zone avant s\u2019il le faut, et cherchent la teinte exacte avec vous. Evidemment, c\u2019est des super pros. Mais nous y reviendrons.<br \/>\nSinon mettez au moins le crayon ou le stylo ou le truc concern\u00e9 \u00e0 c\u00f4t\u00e9 de votre paupi\u00e8re inf\u00e9rieure, pour voir la couleur.<\/p>\n<p>Personnellement j\u2019ai jamais trouv\u00e9 la couleur parfaite avec la texture parfaite et le packaging parfait, donc j\u2019ai fait comme pour le prince charmant, j\u2019ai fait une croix dessus et je me suis adapt\u00e9e \u00e0 la r\u00e9alit\u00e9.<\/p>\n<p>Parce que voyez-vous la texture est super importante : moi j\u2019aime que \u00e7a couvre bien, sinon le cerne ressort au bout de trois minutes et dans ce cas, \u00e0 quoi bon tous ces efforts, je vous le demande.<\/p>\n<p>Et c\u2019est l\u00e0 que je reviens \u00e0 M.A.C, je suis navr\u00e9e d\u2019avoir \u00e0 l\u2019avouer, c\u2019est pas du tout assez couvrant pour moi, que ce soit en stick ou en petit pot, et ce malgr\u00e9 les cris d\u2019orfraie de la vendeuse, horrifi\u00e9e \u00e0 l\u2019id\u00e9e que j\u2019applique le bidule soit-disant pl\u00e2treux du petit pot au doigt, parce que \u00e7a allait me tirer la peau de l\u2019\u0153il (ce qui comme chacun sait vous fait rider comme les m\u00e9chants dans Indiana Jones, donc \u00e0 vue d\u2019\u0153il, c\u2019est le cas de le dire).<\/p>\n<p>Oui parce que je me maquille avec mes doigts, principalement. J\u2019aime bien, et je trouve \u00e7a pratique. Les maquilleurs professionnels sont r\u00e9volt\u00e9s par une pratique aussi barbare, en plus \u00e7a les emp\u00eache de me vendre des pinceaux tr\u00e8s chers, mais je tiens bon.<\/p>\n<p>C\u2019est tr\u00e8s triste parce qu\u2019ils avaient la couleur parfaite et le packaging id\u00e9al, chez M.A.C : un stick, pas besoin de tailler, facile \u00e0 appliquer.<\/p>\n<p>J\u2019ai eu une petite boite Laura Mercier dont la texture \u00e9tait grandiose (et tr\u00e8s ch\u00e8re), mais la couleur non. Je l\u2019ai fini quand m\u00eame hein, j\u2019aime pas g\u00e2cher (surtout du Laura Mercier), mais c\u2019\u00e9tais moyen adapt\u00e9 \u00e0 ma carnation et \u00e7a me donnait un air un peu effar\u00e9.<\/p>\n<p>J\u2019ai achet\u00e9 des sticks tr\u00e8s pratiques Revlon absolument pas couvrants. Apr\u00e8s les avoir regard\u00e9 encombrer ma salle de bain miniature pendant au moins 48 ans, j\u2019ai fini par me r\u00e9soudre \u00e0 les jeter (la mort dans l\u2019\u00e2me, et apr\u00e8s avoir essay\u00e9 en vain de les refiler \u00e0 toutes mes coll\u00e8gues).<\/p>\n<p>Pouss\u00e9e par une copine qui en parlait avec des larmes dans la voix, j\u2019ai achet\u00e9 la Touche Eclat de Saint Laurent. Je l\u2019ai imm\u00e9diatement refil\u00e9e \u00e0 ladite copine, \u00e7a couvre que dalle ce truc. C\u2019est pour les cernes de su\u00e9doises, ma parole.<\/p>\n<p>Je suis donc revenue, apr\u00e8s avoir essay\u00e9 tout \u00e7a, \u00e0 mes amours de jeunesse, \u00e0 savoir Body Shop : les anti-cernes que je prends chez eux sont en crayon, donc il faut les tailler, c\u2019est nul et pas pratique, on perd plein de produit, ce qui va profond\u00e9ment \u00e0 l\u2019encontre de mon c\u00f4t\u00e9 jans\u00e9niste, mais la texture me convient. Bon je suis oblig\u00e9e d\u2019en m\u00e9langer deux pour arriver \u00e0 la bonne couleur, mais je survis.<\/p>\n<p>Bien entendu d\u00e8s que je bronze je dois passer au ton sup\u00e9rieur, j\u2019ai une jolie collection de crayons pour aller avec toutes les couleurs de ma peau selon les saisons ;-)<\/p>\n<p>Bref, mon meilleur ami c\u2019est mon anti-cerne, mais si je dois sauver un seul truc de l\u2019incendie je choisis mes diamants ;-)<\/p>\n","protected":false},"excerpt":{"rendered":"<p>Je vous conc\u00e8de le c\u00f4t\u00e9 l\u00e9g\u00e8rement r\u00e9trograde et raccoleur du titre. N\u00e9anmoins, nous sommes sur un blog de fille, et donc pas l\u00e0 pour br\u00fbler nos soutifs mais pour papoter entre nous des m\u00e9rites compar\u00e9s&#8230;<br \/> <a class=\"read-more\" href=\"https:\/\/www.monblogdefille.com\/blog\/lanti-cerne-meilleur-ami-de-la-femme-apres-le-diamant\/\">Lire la suite \u00bb<\/a><\/p>\n","protected":false},"author":3,"featured_media":0,"comment_status":"open","ping_status":"open","sticky":false,"template":"","format":"standard","meta":{"footnotes":""},"categories":[1485],"tags":[20093,19963],"class_list":["post-13030","post","type-post","status-publish","format-standard","hentry","category-le-maquillage","tag-anti-cernes","tag-mac"],"_links":{"self":[{"href":"https:\/\/www.monblogdefille.com\/blog\/wp-json\/wp\/v2\/posts\/13030","targetHints":{"allow":["GET"]}}],"collection":[{"href":"https:\/\/www.monblogdefille.com\/blog\/wp-json\/wp\/v2\/posts"}],"about":[{"href":"https:\/\/www.monblogdefille.com\/blog\/wp-json\/wp\/v2\/types\/post"}],"author":[{"embeddable":true,"href":"https:\/\/www.monblogdefille.com\/blog\/wp-json\/wp\/v2\/users\/3"}],"replies":[{"embeddable":true,"href":"https:\/\/www.monblogdefille.com\/blog\/wp-json\/wp\/v2\/comments?post=13030"}],"version-history":[{"count":0,"href":"https:\/\/www.monblogdefille.com\/blog\/wp-json\/wp\/v2\/posts\/13030\/revisions"}],"wp:attachment":[{"href":"https:\/\/www.monblogdefille.com\/blog\/wp-json\/wp\/v2\/media?parent=13030"}],"wp:term":[{"taxonomy":"category","embeddable":true,"href":"https:\/\/www.monblogdefille.com\/blog\/wp-json\/wp\/v2\/categories?post=13030"},{"taxonomy":"post_tag","embeddable":true,"href":"https:\/\/www.monblogdefille.com\/blog\/wp-json\/wp\/v2\/tags?post=13030"}],"curies":[{"name":"wp","href":"https:\/\/api.w.org\/{rel}","templated":true}]}}