{"id":130296,"date":"2010-02-21T09:07:19","date_gmt":"2010-02-21T08:07:19","guid":{"rendered":"http:\/\/www.monblogdefille.com\/blog\/?p=130296"},"modified":"2013-12-11T18:36:53","modified_gmt":"2013-12-11T17:36:53","slug":"bb-creme-erborian-et-mon-maquillage-quotidien","status":"publish","type":"post","link":"https:\/\/www.monblogdefille.com\/blog\/bb-creme-erborian-et-mon-maquillage-quotidien\/","title":{"rendered":"BB Cr\u00e8me Erborian (et mon maquillage quotidien)"},"content":{"rendered":"<p><iframe loading=\"lazy\" width=\"940\" height=\"705\" src=\"https:\/\/www.youtube.com\/embed\/4SXzH31u5BY?feature=oembed\" frameborder=\"0\" allowfullscreen><\/iframe> <\/p>\n<p><span style=\"text-decoration: underline;\">Teint<\/span><\/p>\n<p>BB Cr\u00e8me Erborian<\/p>\n<p>Anti-cernes Bobbi Brown Ivoire<\/p>\n<p>Poudre MAC Invisible (poudre libre) autour des yeux<\/p>\n<p>Blush cr\u00e8me Une B03<\/p>\n<p>Cream Color Base MAC Pearl<\/p>\n<p><span style=\"text-decoration: underline;\">Yeux<\/span><\/p>\n<p>Moisturelush cr\u00e8me pour les yeux MAC (\u00e0 poser avant de faire le teint)<\/p>\n<p>Mascara Smoky Lash Make Up Forever noir<\/p>\n<p><span style=\"text-decoration: underline;\">Sourcils<\/span><\/p>\n<p>Gel pour les sourcils MAC Mink (All Ages, All Races, All Sexes)<\/p>\n<p><span style=\"text-decoration: underline;\">L\u00e8vres<\/span><\/p>\n<p>Gloss MAC Perrennial High Style (Give Me Liberty)<\/p>\n<p><span style=\"text-decoration: underline;\">Pinceaux<\/span><\/p>\n<p>136 MAC pour la poudre libre<\/p>\n<p><span style=\"text-decoration: underline;\">Ongles<\/span><\/p>\n<p>Essence Color &amp; Go rouge orang\u00e9 (non y&rsquo;a pas de r\u00e9f\u00e9rence sur le flacon)<\/p>\n<p><img loading=\"lazy\" decoding=\"async\" class=\"alignnone size-full wp-image-130297\" title=\"BB cr\u00e8me Erborian\" src=\"http:\/\/www.monblogdefille.com\/blog\/wp-content\/uploads\/2010\/02\/BB-cr\u00e8me-Erborian.jpg\" alt=\"BB cr\u00e8me Erborian\" width=\"500\" height=\"668\" \/><\/p>\n","protected":false},"excerpt":{"rendered":"<p><strong>POUR VOIR LA VIDEO,<a href=\"http:\/\/www.monblogdefille.com\/blog\/bb-creme-erborian-et-mon-maquillage-quotidien\" target=\"_self\"> CLIQUEZ ICI<\/a><\/strong><\/p>\n<p><img loading=\"lazy\" decoding=\"async\" class=\"alignnone size-full wp-image-130297\" title=\"BB cr\u00e8me Erborian\" src=\"http:\/\/www.monblogdefille.com\/blog\/wp-content\/uploads\/2010\/02\/BB-cr\u00e8me-Erborian.jpg\" alt=\"BB cr\u00e8me Erborian\" width=\"500\" height=\"668\" \/><\/p>\n","protected":false},"author":3,"featured_media":130297,"comment_status":"open","ping_status":"open","sticky":false,"template":"","format":"standard","meta":{"footnotes":""},"categories":[1485,20030,19978],"tags":[20080,20088,19975,20036],"class_list":["post-130296","post","type-post","status-publish","format-standard","has-post-thumbnail","hentry","category-le-maquillage","category-teint-et-divers","category-videos","tag-bb-cream","tag-fond-de-teint","tag-teint-parfait","tag-videos-maquillage"],"_links":{"self":[{"href":"https:\/\/www.monblogdefille.com\/blog\/wp-json\/wp\/v2\/posts\/130296","targetHints":{"allow":["GET"]}}],"collection":[{"href":"https:\/\/www.monblogdefille.com\/blog\/wp-json\/wp\/v2\/posts"}],"about":[{"href":"https:\/\/www.monblogdefille.com\/blog\/wp-json\/wp\/v2\/types\/post"}],"author":[{"embeddable":true,"href":"https:\/\/www.monblogdefille.com\/blog\/wp-json\/wp\/v2\/users\/3"}],"replies":[{"embeddable":true,"href":"https:\/\/www.monblogdefille.com\/blog\/wp-json\/wp\/v2\/comments?post=130296"}],"version-history":[{"count":0,"href":"https:\/\/www.monblogdefille.com\/blog\/wp-json\/wp\/v2\/posts\/130296\/revisions"}],"wp:featuredmedia":[{"embeddable":true,"href":"https:\/\/www.monblogdefille.com\/blog\/wp-json\/wp\/v2\/media\/130297"}],"wp:attachment":[{"href":"https:\/\/www.monblogdefille.com\/blog\/wp-json\/wp\/v2\/media?parent=130296"}],"wp:term":[{"taxonomy":"category","embeddable":true,"href":"https:\/\/www.monblogdefille.com\/blog\/wp-json\/wp\/v2\/categories?post=130296"},{"taxonomy":"post_tag","embeddable":true,"href":"https:\/\/www.monblogdefille.com\/blog\/wp-json\/wp\/v2\/tags?post=130296"}],"curies":[{"name":"wp","href":"https:\/\/api.w.org\/{rel}","templated":true}]}}