{"id":130271,"date":"2010-02-19T08:29:52","date_gmt":"2010-02-19T07:29:52","guid":{"rendered":"http:\/\/www.monblogdefille.com\/blog\/?p=130271"},"modified":"2011-12-31T21:37:42","modified_gmt":"2011-12-31T20:37:42","slug":"mes-masques-dhiver","status":"publish","type":"post","link":"https:\/\/www.monblogdefille.com\/blog\/mes-masques-dhiver\/","title":{"rendered":"Mes masques d&rsquo;hiver"},"content":{"rendered":"<p><img loading=\"lazy\" decoding=\"async\" class=\"alignnone size-full wp-image-130272\" title=\"masques hiver\" src=\"http:\/\/www.monblogdefille.com\/blog\/wp-content\/uploads\/2010\/02\/masques-hiver.jpg\" alt=\"masques hiver\" width=\"500\" height=\"375\" \/><\/p>\n<p>Or donc ma peau est compl\u00e8tement d\u00e9shydrat\u00e9e, c&rsquo;est pas nouveau, je vous bassine avec \u00e7a tous les hivers.<\/p>\n<p>(oui je bois plein d&rsquo;eau, oui je baisse le chauffage la nuit, oui j&rsquo;ai essay\u00e9 quasi toutes les cr\u00e8mes du march\u00e9, les g\u00e9lules de toutes sortes, l&rsquo;huile d&rsquo;argan et les humidificateurs d&rsquo;atmosph\u00e8re, j&rsquo;ai \u00e9gorg\u00e9 deux coqs noirs un soir de pleine lune, nue devant le Sacr\u00e9 Coeur, me prenez pas le chou, je suis pas l\u00e0 pour chercher une solution qui n&rsquo;existe pas mais pour vous parler de masques).<\/p>\n<p>DONC, pour en revenir au sujet, je fais des masques tout le temps. Pour me sentir plus confort quoi. Ca marche le temps du masque et un peu ensuite, c&rsquo;est toujours \u00e7a de pris sur l&rsquo;ennemi (si je dis \u00ab\u00a0c&rsquo;est toujours \u00e7a que les boches n&rsquo;auront pas\u00a0\u00bb, je sens que \u00e7a va mal passer, pourtant le clavier me d\u00e9mange tant j&rsquo;adore cette expression).<\/p>\n<p>Et puis \u00e7a me d\u00e9tend, je fais \u00e7a dans mon lit, le soir en bouquinant (ou en jouant au solitaire sur mon iPhone), c&rsquo;est cool. Je les laisse poser genre une heure au lieu de dix minutes, \u00e7a peut pas faire de mal. Et \u00e9videmment j&rsquo;en mets trois tonnes m\u00eame quand la notice dit \u00ab\u00a0appliquez une couche fine\u00a0\u00bb. Je suis contre la couche fine, en cosm\u00e9to comme en bouffe (vous verriez la gueule de mes tartines de beurre, vous tomberiez dans les pommes).<\/p>\n<p>En plus si je mets des couches fines j&rsquo;arrive jamais au bout des pots et \u00e7a me sao\u00fble, rien ne me satisfait plus que de terminer un pot de cr\u00e8me.<\/p>\n<p>Alors en ce moment je tourne avec quatre masques :<\/p>\n<p>Le masque frais hydratant de Nuxe, mon grand classique, super efficace (un des rares dont on voit les effet \u00e0 l&rsquo;oeil nu).<\/p>\n<p>Le masque cr\u00e8me d&rsquo;Evidens de Beaut\u00e9 qui est une tuerie question texture : la cr\u00e8me la plus onctueuse que j&rsquo;ai jamais vue.<\/p>\n<p>Le masque au collag\u00e8ne de l&rsquo;Institut Carlota, que j&rsquo;ai achet\u00e9 parce que \u00e7a me faisait marrer. La texture est totalement d\u00e9lirante, dans le pot elle rebondit sous le doigt, j&rsquo;adore.<\/p>\n<p>Le masque triple cr\u00e8me d&rsquo;Est\u00e9e Lauder : super confort, odeur d\u00e9licieuse, couleur du Maredsous au jambon (seulement la couleur, soyez pas gourdes) : un peu le mec qui a compris comment on parle aux femmes (oui, masque est masculin).<\/p>\n<p>Voil\u00e0\u00e0\u00e0\u00e0\u00e0. A vous ;-)<\/p>\n","protected":false},"excerpt":{"rendered":"<p>Or donc ma peau est compl\u00e8tement d\u00e9shydrat\u00e9e, c&rsquo;est pas nouveau, je vous bassine avec \u00e7a tous les hivers. (oui je bois plein d&rsquo;eau, oui je baisse le chauffage la nuit, oui j&rsquo;ai essay\u00e9 quasi toutes&#8230;<br \/> <a class=\"read-more\" href=\"https:\/\/www.monblogdefille.com\/blog\/mes-masques-dhiver\/\">Lire la suite \u00bb<\/a><\/p>\n","protected":false},"author":3,"featured_media":130272,"comment_status":"open","ping_status":"open","sticky":false,"template":"","format":"standard","meta":{"footnotes":""},"categories":[1489],"tags":[19975],"class_list":["post-130271","post","type-post","status-publish","format-standard","has-post-thumbnail","hentry","category-le-soin","tag-teint-parfait"],"_links":{"self":[{"href":"https:\/\/www.monblogdefille.com\/blog\/wp-json\/wp\/v2\/posts\/130271","targetHints":{"allow":["GET"]}}],"collection":[{"href":"https:\/\/www.monblogdefille.com\/blog\/wp-json\/wp\/v2\/posts"}],"about":[{"href":"https:\/\/www.monblogdefille.com\/blog\/wp-json\/wp\/v2\/types\/post"}],"author":[{"embeddable":true,"href":"https:\/\/www.monblogdefille.com\/blog\/wp-json\/wp\/v2\/users\/3"}],"replies":[{"embeddable":true,"href":"https:\/\/www.monblogdefille.com\/blog\/wp-json\/wp\/v2\/comments?post=130271"}],"version-history":[{"count":0,"href":"https:\/\/www.monblogdefille.com\/blog\/wp-json\/wp\/v2\/posts\/130271\/revisions"}],"wp:featuredmedia":[{"embeddable":true,"href":"https:\/\/www.monblogdefille.com\/blog\/wp-json\/wp\/v2\/media\/130272"}],"wp:attachment":[{"href":"https:\/\/www.monblogdefille.com\/blog\/wp-json\/wp\/v2\/media?parent=130271"}],"wp:term":[{"taxonomy":"category","embeddable":true,"href":"https:\/\/www.monblogdefille.com\/blog\/wp-json\/wp\/v2\/categories?post=130271"},{"taxonomy":"post_tag","embeddable":true,"href":"https:\/\/www.monblogdefille.com\/blog\/wp-json\/wp\/v2\/tags?post=130271"}],"curies":[{"name":"wp","href":"https:\/\/api.w.org\/{rel}","templated":true}]}}