{"id":13008,"date":"2005-11-08T17:58:48","date_gmt":"2005-11-08T17:58:48","guid":{"rendered":"http:\/\/localhost\/wordpress\/?p=13008"},"modified":"2008-03-28T19:06:40","modified_gmt":"2008-03-28T18:06:40","slug":"elle-un-jour-elle-toujours","status":"publish","type":"post","link":"https:\/\/www.monblogdefille.com\/blog\/elle-un-jour-elle-toujours\/","title":{"rendered":"Elle un jour, Elle toujours"},"content":{"rendered":"<p><img decoding=\"async\" src=\"wp-content\/themes\/default\/images\/elle_couv.jpg\" alt=\"Elle\" align=\"left\" hspace=\"5\" \/>Je voudrais partager avec vous mon enthousiasme devant la couverture du Elle de cette semaine.<\/p>\n<p>Je trouve la photo somptueuse, s&rsquo;il n&rsquo;y avait pas b\u00eatement des trucs \u00e9crits partout je l&rsquo;encadrerais volontiers !<\/p>\n<p>Ce n&rsquo;est pas toujours le cas, la plupart des couvertures sont juste sympas, celle-ci est magnifique. Normal pour un Sp\u00e9cial Beaut\u00e9, me direz-vous, mais je vous assure que les autres ne lui arrivaient pas \u00e0 la cheville (je ne reviendrai pas sur la pauvre B\u00e9art \u00e0 poil avec son string dans les cheveux, qui fit couler tant d&rsquo;encre &#8211; et vendre tant de magazines).<\/p>\n<p>Ce St\u00e9phane Sednaoui est un sacr\u00e9 photographe, chapeau !<\/p>\n","protected":false},"excerpt":{"rendered":"<p>Je voudrais partager avec vous mon enthousiasme devant la couverture du Elle de cette semaine. Je trouve la photo somptueuse, s&rsquo;il n&rsquo;y avait pas b\u00eatement des trucs \u00e9crits partout je l&rsquo;encadrerais volontiers ! Ce n&rsquo;est&#8230;<br \/> <a class=\"read-more\" href=\"https:\/\/www.monblogdefille.com\/blog\/elle-un-jour-elle-toujours\/\">Lire la suite \u00bb<\/a><\/p>\n","protected":false},"author":3,"featured_media":0,"comment_status":"open","ping_status":"open","sticky":false,"template":"","format":"standard","meta":{"footnotes":""},"categories":[5229],"tags":[],"class_list":["post-13008","post","type-post","status-publish","format-standard","hentry","category-les-magazines-de-gonzesses"],"_links":{"self":[{"href":"https:\/\/www.monblogdefille.com\/blog\/wp-json\/wp\/v2\/posts\/13008","targetHints":{"allow":["GET"]}}],"collection":[{"href":"https:\/\/www.monblogdefille.com\/blog\/wp-json\/wp\/v2\/posts"}],"about":[{"href":"https:\/\/www.monblogdefille.com\/blog\/wp-json\/wp\/v2\/types\/post"}],"author":[{"embeddable":true,"href":"https:\/\/www.monblogdefille.com\/blog\/wp-json\/wp\/v2\/users\/3"}],"replies":[{"embeddable":true,"href":"https:\/\/www.monblogdefille.com\/blog\/wp-json\/wp\/v2\/comments?post=13008"}],"version-history":[{"count":0,"href":"https:\/\/www.monblogdefille.com\/blog\/wp-json\/wp\/v2\/posts\/13008\/revisions"}],"wp:attachment":[{"href":"https:\/\/www.monblogdefille.com\/blog\/wp-json\/wp\/v2\/media?parent=13008"}],"wp:term":[{"taxonomy":"category","embeddable":true,"href":"https:\/\/www.monblogdefille.com\/blog\/wp-json\/wp\/v2\/categories?post=13008"},{"taxonomy":"post_tag","embeddable":true,"href":"https:\/\/www.monblogdefille.com\/blog\/wp-json\/wp\/v2\/tags?post=13008"}],"curies":[{"name":"wp","href":"https:\/\/api.w.org\/{rel}","templated":true}]}}