{"id":129939,"date":"2010-01-06T08:23:41","date_gmt":"2010-01-06T07:23:41","guid":{"rendered":"http:\/\/www.monblogdefille.com\/blog\/?p=129939"},"modified":"2010-01-18T21:16:50","modified_gmt":"2010-01-18T20:16:50","slug":"%c2%ab-pour-certaines-ce-message-va-apparaitre-comme-hors-saison-pour-moi-il-est-d%e2%80%99actualite-toute-l%e2%80%99annee-ma-peau-est-tres-claire-avec-des-taches-de-rousseur-bien-que-je-sois-ni","status":"publish","type":"post","link":"https:\/\/www.monblogdefille.com\/blog\/%c2%ab-pour-certaines-ce-message-va-apparaitre-comme-hors-saison-pour-moi-il-est-d%e2%80%99actualite-toute-l%e2%80%99annee-ma-peau-est-tres-claire-avec-des-taches-de-rousseur-bien-que-je-sois-ni\/","title":{"rendered":"Le soleil, ma peau et moi, par Hibiscus"},"content":{"rendered":"<p><img loading=\"lazy\" decoding=\"async\" class=\"alignnone size-full wp-image-128239\" title=\"o-toi-lectrice\" src=\"http:\/\/www.monblogdefille.com\/blog\/wp-content\/uploads\/2009\/07\/o-toi-lectrice.jpg\" alt=\"o-toi-lectrice\" width=\"500\" height=\"375\" \/><\/p>\n<p>\u00ab Pour certaines ce message va appara\u00eetre comme hors saison, pour moi il est d\u2019actualit\u00e9 toute l\u2019ann\u00e9e.<\/p>\n<p>Ma peau est tr\u00e8s claire, avec des taches de rousseur bien que je sois ni blonde, ni rousse ni venant d\u2019un pays nordique et elle semble faire un refus total du soleil.<br \/>\nMoi, j\u2019ai un travail qui m\u2019am\u00e8ne \u00e0 voyager en Afrique tr\u00e8s souvent.<br \/>\nEt le soleil en Afrique, il brille fort toute l\u2019ann\u00e9e\u2026<br \/>\nVous voyez l\u2019incompatibilit\u00e9 appara\u00eetre, n\u2019est-ce pas ? Alors je fais comment moi ?<br \/>\nJe me tartine de cr\u00e8me solaire indice 40 sur le corps chaque morceau qui d\u00e9passe et depuis quelques mois d\u2019indice 50 sur le visage.<br \/>\nTout devrait aller bien, mais non\u2026<\/p>\n<p>1er probl\u00e8me : Ils les testent pas leur cr\u00e8me solaire ou quoi ? Je passe les odeurs de plage, dans les cr\u00e8mes 40 ou 50 \u00e7a peut aller, mais je brille toute la journ\u00e9e, je colle, bref un vrai bonheur\u2026 Quand ajout\u00e9 \u00e0 cela le soir arrive sans avoir eu le temps de prendre une douche l\u2019anti-moustique par-dessus est un vrai bonheur\u2026 D\u2019accord il fait chaud et tout \u00e7a mais j\u2019aimerai bien des fois pouvoir me maquiller et ressembler \u00e0 quelque chose et ne pas avoir l\u2019impression que mon acn\u00e9 d\u2019adolescence est revenue et que mon visage est recouvert d\u2019huile.<\/p>\n<p>2\u00e8me probl\u00e8me : Ca ne marche que moyennement tout \u00e7a. D\u00e8s que je rate un millim\u00e8tre de ma peau, il vire rouge \u00e9crevisse. J\u2019ai l\u2019impression que les cr\u00e8mes ne permettent pas \u00e0 ma peau de bronzer et donc de se prot\u00e9ger naturellement contre le soleil.<br \/>\nDonc je ne bronze pas du tout (mais \u00e7a \u00e0 la limite\u2026) mais en plus j\u2019ai l\u2019impression d\u2019\u00eatre devenue intol\u00e9rante au soleil, le moindre rayon m\u00eame dans le nord de l\u2019Europe o\u00f9 j\u2019habite, se transforme en coup de soleil et ma peau souffre de plus en plus, t\u00e2ches sur les \u00e9paules et maintenant le visage.<\/p>\n<p>Et l\u00e0 j\u2019en ai vraiment marre, je fais quoi les filles ????<br \/>\nJe me tartine non stop tous les jours avec ces cr\u00e8mes inf\u00e2mes ? Vous avez trouv\u00e9 la cr\u00e8me miracle qui ne vous donne pas l\u2019impression d\u2019\u00eatre \u00e0 la plage tous les jours et permet de se maquiller aussi ? Vous avez une id\u00e9e de l\u2019impact \u00e0 long terme de ces cr\u00e8mes : est-ce que \u00e7a n\u2019emp\u00eache pas la peau d\u2019apprendre \u00e0 \u00ab se d\u00e9fendre tout seule \u00bb ?<\/p>\n<p>Bref, j\u2019ai besoin d\u2019aide ! Merci d\u2019avance !<\/p>\n<p>Sign\u00e9 : Hibiscus, d\u00e9sesp\u00e9r\u00e9e apr\u00e8s un xi\u00e8me coup de soleil \u00bb<\/p>\n","protected":false},"excerpt":{"rendered":"<p>\u00ab Pour certaines ce message va appara\u00eetre comme hors saison, pour moi il est d\u2019actualit\u00e9 toute l\u2019ann\u00e9e. Ma peau est tr\u00e8s claire, avec des taches de rousseur bien que je sois ni blonde, ni rousse&#8230;<br \/> <a class=\"read-more\" href=\"https:\/\/www.monblogdefille.com\/blog\/%c2%ab-pour-certaines-ce-message-va-apparaitre-comme-hors-saison-pour-moi-il-est-d%e2%80%99actualite-toute-l%e2%80%99annee-ma-peau-est-tres-claire-avec-des-taches-de-rousseur-bien-que-je-sois-ni\/\">Lire la suite \u00bb<\/a><\/p>\n","protected":false},"author":3,"featured_media":128239,"comment_status":"open","ping_status":"open","sticky":false,"template":"","format":"standard","meta":{"footnotes":""},"categories":[5377],"tags":[19961],"class_list":["post-129939","post","type-post","status-publish","format-standard","has-post-thumbnail","hentry","category-o-toi-lectrice","tag-soleil"],"_links":{"self":[{"href":"https:\/\/www.monblogdefille.com\/blog\/wp-json\/wp\/v2\/posts\/129939","targetHints":{"allow":["GET"]}}],"collection":[{"href":"https:\/\/www.monblogdefille.com\/blog\/wp-json\/wp\/v2\/posts"}],"about":[{"href":"https:\/\/www.monblogdefille.com\/blog\/wp-json\/wp\/v2\/types\/post"}],"author":[{"embeddable":true,"href":"https:\/\/www.monblogdefille.com\/blog\/wp-json\/wp\/v2\/users\/3"}],"replies":[{"embeddable":true,"href":"https:\/\/www.monblogdefille.com\/blog\/wp-json\/wp\/v2\/comments?post=129939"}],"version-history":[{"count":0,"href":"https:\/\/www.monblogdefille.com\/blog\/wp-json\/wp\/v2\/posts\/129939\/revisions"}],"wp:featuredmedia":[{"embeddable":true,"href":"https:\/\/www.monblogdefille.com\/blog\/wp-json\/wp\/v2\/media\/128239"}],"wp:attachment":[{"href":"https:\/\/www.monblogdefille.com\/blog\/wp-json\/wp\/v2\/media?parent=129939"}],"wp:term":[{"taxonomy":"category","embeddable":true,"href":"https:\/\/www.monblogdefille.com\/blog\/wp-json\/wp\/v2\/categories?post=129939"},{"taxonomy":"post_tag","embeddable":true,"href":"https:\/\/www.monblogdefille.com\/blog\/wp-json\/wp\/v2\/tags?post=129939"}],"curies":[{"name":"wp","href":"https:\/\/api.w.org\/{rel}","templated":true}]}}