{"id":129530,"date":"2009-11-25T08:47:45","date_gmt":"2009-11-25T07:47:45","guid":{"rendered":"http:\/\/www.monblogdefille.com\/blog\/?p=129530"},"modified":"2009-11-28T10:26:58","modified_gmt":"2009-11-28T09:26:58","slug":"j%e2%80%99ai-passe-tellement-de-temps-a-ne-pas-m%e2%80%99aimer-par-manon","status":"publish","type":"post","link":"https:\/\/www.monblogdefille.com\/blog\/j%e2%80%99ai-passe-tellement-de-temps-a-ne-pas-m%e2%80%99aimer-par-manon\/","title":{"rendered":"J\u2019ai pass\u00e9 tellement de temps \u00e0 ne pas m\u2019aimer, par Manon"},"content":{"rendered":"<p><img loading=\"lazy\" decoding=\"async\" class=\"alignnone size-full wp-image-128239\" title=\"o-toi-lectrice\" src=\"http:\/\/www.monblogdefille.com\/blog\/wp-content\/uploads\/2009\/07\/o-toi-lectrice.jpg\" alt=\"o-toi-lectrice\" width=\"500\" height=\"375\" \/><\/p>\n<p>\u00ab\u00a0J\u2019ai pass\u00e9 tellement de temps \u00e0 ne pas m\u2019aimer.<br \/>\nCette phrase j\u2019aurais pu la dire moi-m\u00eame, je l\u2019ai lue dans un magazine je crois, mais je ne sais plus de quelle star il s\u2019agissait.<br \/>\nEtonnant quand il s\u2019agit d\u2019une belle actrice hollywoodienne, que tout le monde admire, moins sans doute quand on parle de Mlle Toutlemonde.<\/p>\n<p>Je ne suis pas vieille, mais plus \u00ab\u00a0jeune\u00a0\u00bb non plus, bient\u00f4t la trentaine. Un an exactement. J\u2019ai pass\u00e9 tellement de temps \u00e0 ne pas m\u2019aimer.<br \/>\nIl y a d\u2019abord eu toutes ces ann\u00e9es, de petite fille \u00e0 adolescente o\u00f9 je n\u2019avais m\u00eame pas conscience d\u2019avoir un corps, un visage, des cheveux. Je veux dire, j\u2019habillais le corps, je d\u00e9m\u00ealais les cheveux, j\u2019hydratais le visage. Mais je n\u2019ai pas souvenir de m\u2019\u00eatre regard\u00e9e dans un miroir.<\/p>\n<p>Et puis un jour je ne sais pourquoi, je me suis mise \u00e0 me trouver trop grosse. Entendons-nous bien, mon IMC n\u2019a jamais d\u00e9pass\u00e9 20. Pas tr\u00e8s grosse, mais jusqu\u2019\u00e0 16 ans, habitant loin de la France et de toutes ces tentations boulang\u00e8res, j\u2019\u00e9tais naturellement plut\u00f4t \u00ab\u00a0maigre\u00a0\u00bb. 53 kg pour 1,75 m. Je suis pass\u00e9e \u00e0 60 kg pour mon m\u00eame m\u00e8tre 75. Ca fait beaucoup dans la t\u00eate d\u2019une jeune fille. Et j\u2019ai encha\u00een\u00e9 les blancs de poulet, yaourt nature. Quelle h\u00e9r\u00e9sie quand j\u2019y repense maintenant. Ca a dur\u00e9 pendant quelques ann\u00e9es, deux ou trois, \u00e0 d\u00e9tester ce corps. Le mien.<\/p>\n<p>Pendant ces ann\u00e9es l\u00e0, je n\u2019avais toujours pas conscience des cheveux et du visage. Oh, je ne les aimais pas trop les cheveux, trop fris\u00e9s \u00e0 mon go\u00fbt, qui n\u2019arrivaient pas \u00e0 cacher ce front \u00ab\u00a0de gargamelle\u00a0\u00bb comme je l\u2019appelais, \u00e0 cause d\u2019un vilain \u00e9pi. Mais je vivais avec, en regardant les copines avec une petite pointe d\u2019envie.<\/p>\n<p>Les cheveux n\u2019avaient plus vu une paire de ciseaux depuis quelques ann\u00e9es, quand, au hasard du site internet d\u2019un grand magazine f\u00e9minin, j\u2019ai envoy\u00e9 des photos pour participer \u00e0 un relooking, et j\u2019ai \u00e9t\u00e9 choisie avec une dizaine d\u2019autres.<\/p>\n<p>Damned, je suis ressortie de l\u00e0 les cheveux liss\u00e9s, une belle m\u00e8che devant mon front, et les yeux superbement maquill\u00e9s. Bien s\u00fbr, \u00e7a n\u2019\u00e9tait pas \u00ab\u00a0moi\u00a0\u00bb. Moi, en vrai, je n\u2019\u00e9tais pas tr\u00e8s jolie, pas tr\u00e8s \u00e0 l\u2019aise, pas du tout cette fille-l\u00e0. Et je suis repartie pour quelques ann\u00e9es \u00e0 ne pas m\u2019aimer.<\/p>\n<p>Et puis un jour, fatigu\u00e9e de ne pas m\u2019aimer \u2013 parce que c\u2019est fatigant de toujours essayer d\u2019\u00eatre une autre sans pouvoir y arriver \u2013 il y a eu une \u00e9claircie. Pourquoi pas moi\u00a0? Quand on regarde objectivement les gens qu\u2019on aime, tous ont des d\u00e9fauts, mais on les trouve beaux, moi en tout cas, les gens que j\u2019aime, que j\u2019admire, mes amis sont \u00ab\u00a0beaux\u00a0\u00bb.<br \/>\nJ\u2019ai d\u00e9cid\u00e9 de commencer \u00e0 accepter les miens, de d\u00e9fauts\u00a0: apr\u00e8s tout si on m\u2019aimait comme \u00e7a, j\u2019allais pouvoir y arriver moi aussi.<\/p>\n<p>J\u2019ai commenc\u00e9 par arr\u00eater ces r\u00e9gimes stupides, et \u00e0 accepter d\u2019avoir un peu de cellulite et de ne pas rentrer dans un jean en 36. Apr\u00e8s tout vu ma taille, il m\u2019arriverait \u00e0 mi-mollet\u2026<br \/>\nJ\u2019ai mis de la cr\u00e8me sur ce visage, essay\u00e9 de cacher ce front avec une belle coupe de cheveux. Les cheveux, une belle chevelure, un peu boucl\u00e9e, de plus en plus longue. J\u2019ai achet\u00e9 du maquillage, mais il a fallu longtemps pour oser le porter dehors. Peur d\u2019\u00eatre d\u00e9masqu\u00e9e\u2026<br \/>\nEt un jour, j\u2019ai os\u00e9, tout os\u00e9, le rouge \u00e0 l\u00e8vre rouge, le bleu \u00e9lectrique autour des yeux, le vernis \u00e0 ongle flashy, (pas tout en m\u00eame temps, je vous vois venir\u00a0!\u00a0;-), et figurez-vous que personne n\u2019a d\u00e9couvert la supercherie\u00a0!<br \/>\nDepuis, je me trouve jolie, je ne maltraite plus ce corps, je mange du saucisson quand j\u2019ai envie d\u2019en manger, je me mets du bleu aux yeux si j\u2019ai envie, et depuis quelques temps, je me prends \u00e0 enlever cette m\u00e8che de cheveux qui cache mon front.<\/p>\n<p>Presque 30 ans, et je suis heureuse d\u2019y \u00eatre arriv\u00e9e. Que de temps perdu\u2026 que de temps gagn\u00e9\u00a0!<\/p>\n<p>Sign\u00e9\u00a0: Manon\u00a0\u00bb<\/p>\n","protected":false},"excerpt":{"rendered":"<p>\u00ab\u00a0J\u2019ai pass\u00e9 tellement de temps \u00e0 ne pas m\u2019aimer. Cette phrase j\u2019aurais pu la dire moi-m\u00eame, je l\u2019ai lue dans un magazine je crois, mais je ne sais plus de quelle star il s\u2019agissait. Etonnant&#8230;<br \/> <a class=\"read-more\" href=\"https:\/\/www.monblogdefille.com\/blog\/j%e2%80%99ai-passe-tellement-de-temps-a-ne-pas-m%e2%80%99aimer-par-manon\/\">Lire la suite \u00bb<\/a><\/p>\n","protected":false},"author":3,"featured_media":128239,"comment_status":"open","ping_status":"open","sticky":false,"template":"","format":"standard","meta":{"footnotes":""},"categories":[5377],"tags":[],"class_list":["post-129530","post","type-post","status-publish","format-standard","has-post-thumbnail","hentry","category-o-toi-lectrice"],"_links":{"self":[{"href":"https:\/\/www.monblogdefille.com\/blog\/wp-json\/wp\/v2\/posts\/129530","targetHints":{"allow":["GET"]}}],"collection":[{"href":"https:\/\/www.monblogdefille.com\/blog\/wp-json\/wp\/v2\/posts"}],"about":[{"href":"https:\/\/www.monblogdefille.com\/blog\/wp-json\/wp\/v2\/types\/post"}],"author":[{"embeddable":true,"href":"https:\/\/www.monblogdefille.com\/blog\/wp-json\/wp\/v2\/users\/3"}],"replies":[{"embeddable":true,"href":"https:\/\/www.monblogdefille.com\/blog\/wp-json\/wp\/v2\/comments?post=129530"}],"version-history":[{"count":0,"href":"https:\/\/www.monblogdefille.com\/blog\/wp-json\/wp\/v2\/posts\/129530\/revisions"}],"wp:featuredmedia":[{"embeddable":true,"href":"https:\/\/www.monblogdefille.com\/blog\/wp-json\/wp\/v2\/media\/128239"}],"wp:attachment":[{"href":"https:\/\/www.monblogdefille.com\/blog\/wp-json\/wp\/v2\/media?parent=129530"}],"wp:term":[{"taxonomy":"category","embeddable":true,"href":"https:\/\/www.monblogdefille.com\/blog\/wp-json\/wp\/v2\/categories?post=129530"},{"taxonomy":"post_tag","embeddable":true,"href":"https:\/\/www.monblogdefille.com\/blog\/wp-json\/wp\/v2\/tags?post=129530"}],"curies":[{"name":"wp","href":"https:\/\/api.w.org\/{rel}","templated":true}]}}