{"id":129326,"date":"2009-10-26T13:10:00","date_gmt":"2009-10-26T12:10:00","guid":{"rendered":"http:\/\/www.monblogdefille.com\/blog\/?p=129326"},"modified":"2009-10-30T17:56:56","modified_gmt":"2009-10-30T16:56:56","slug":"puisque-c%e2%80%99est-ca-je-m%e2%80%99en-vais-eric-cantona-inside","status":"publish","type":"post","link":"https:\/\/www.monblogdefille.com\/blog\/puisque-c%e2%80%99est-ca-je-m%e2%80%99en-vais-eric-cantona-inside\/","title":{"rendered":"Puisque c\u2019est \u00e7a, je m\u2019en vais (Eric Cantona inside)"},"content":{"rendered":"<p><img loading=\"lazy\" decoding=\"async\" class=\"alignnone size-full wp-image-129327\" title=\"cantona\" src=\"http:\/\/www.monblogdefille.com\/blog\/wp-content\/uploads\/2009\/10\/cantona.jpg\" alt=\"cantona\" width=\"300\" height=\"457\" align=\"left\" \/>Vous vous souvenez de Cantona aux Guignols\u00a0?<\/p>\n<p>Ca me faisait hurler de rire, son c\u00f4t\u00e9 super vex\u00e9 en permanence, \u00e0 dire d\u2019un air m\u00e9ga fier \u00ab\u00a0puisque c\u2019est \u00e7a, je m\u2019en vais\u00a0\u00bb, avec\u00a0 son accent corse.<\/p>\n<p>On se serait cru dans Ast\u00e9rix.<\/p>\n<p>Oui bref, tout \u00e7a pour dire que je m\u2019en vais trois jours, je serai de retour jeudi si j\u2019ai le courage, et sinon vendreda\u00efe.<\/p>\n<p>Ouala, soyez sages les girls, et ne mangez pas trop de l\u00e9gumes.<\/p>\n<p>PS : et n&rsquo;oubliez pas de prendre vos maquillages en photo, pour les poster quand je reviendrai ;-)<\/p>\n<p>PS2 : ah mais \u00e7a m&rsquo;\u00e9nerve ce truc qui veut pas s&rsquo;aligner, que je suis oblig\u00e9e de rajouter plein de PS pour avoir une mise en page correcte !<\/p>\n","protected":false},"excerpt":{"rendered":"<p>Vous vous souvenez de Cantona aux Guignols\u00a0? Ca me faisait hurler de rire, son c\u00f4t\u00e9 super vex\u00e9 en permanence, \u00e0 dire d\u2019un air m\u00e9ga fier \u00ab\u00a0puisque c\u2019est \u00e7a, je m\u2019en vais\u00a0\u00bb, avec\u00a0 son accent corse&#8230;.<br \/> <a class=\"read-more\" href=\"https:\/\/www.monblogdefille.com\/blog\/puisque-c%e2%80%99est-ca-je-m%e2%80%99en-vais-eric-cantona-inside\/\">Lire la suite \u00bb<\/a><\/p>\n","protected":false},"author":3,"featured_media":129327,"comment_status":"open","ping_status":"open","sticky":false,"template":"","format":"standard","meta":{"footnotes":""},"categories":[1475],"tags":[],"class_list":["post-129326","post","type-post","status-publish","format-standard","has-post-thumbnail","hentry","category-divers"],"_links":{"self":[{"href":"https:\/\/www.monblogdefille.com\/blog\/wp-json\/wp\/v2\/posts\/129326","targetHints":{"allow":["GET"]}}],"collection":[{"href":"https:\/\/www.monblogdefille.com\/blog\/wp-json\/wp\/v2\/posts"}],"about":[{"href":"https:\/\/www.monblogdefille.com\/blog\/wp-json\/wp\/v2\/types\/post"}],"author":[{"embeddable":true,"href":"https:\/\/www.monblogdefille.com\/blog\/wp-json\/wp\/v2\/users\/3"}],"replies":[{"embeddable":true,"href":"https:\/\/www.monblogdefille.com\/blog\/wp-json\/wp\/v2\/comments?post=129326"}],"version-history":[{"count":0,"href":"https:\/\/www.monblogdefille.com\/blog\/wp-json\/wp\/v2\/posts\/129326\/revisions"}],"wp:featuredmedia":[{"embeddable":true,"href":"https:\/\/www.monblogdefille.com\/blog\/wp-json\/wp\/v2\/media\/129327"}],"wp:attachment":[{"href":"https:\/\/www.monblogdefille.com\/blog\/wp-json\/wp\/v2\/media?parent=129326"}],"wp:term":[{"taxonomy":"category","embeddable":true,"href":"https:\/\/www.monblogdefille.com\/blog\/wp-json\/wp\/v2\/categories?post=129326"},{"taxonomy":"post_tag","embeddable":true,"href":"https:\/\/www.monblogdefille.com\/blog\/wp-json\/wp\/v2\/tags?post=129326"}],"curies":[{"name":"wp","href":"https:\/\/api.w.org\/{rel}","templated":true}]}}