{"id":129155,"date":"2009-10-09T23:30:22","date_gmt":"2009-10-09T21:30:22","guid":{"rendered":"http:\/\/www.monblogdefille.com\/blog\/?p=129155"},"modified":"2012-03-04T16:02:14","modified_gmt":"2012-03-04T15:02:14","slug":"nivea-clarins-avene-cebelia-la-roche-posay","status":"publish","type":"post","link":"https:\/\/www.monblogdefille.com\/blog\/nivea-clarins-avene-cebelia-la-roche-posay\/","title":{"rendered":"Nivea, Clarins,  Av\u00e8ne, Cebelia, La Roche Posay"},"content":{"rendered":"<p><img loading=\"lazy\" decoding=\"async\" class=\"alignnone size-full wp-image-129156\" title=\"ma peau carbure 16\" src=\"http:\/\/www.monblogdefille.com\/blog\/wp-content\/uploads\/2009\/10\/ma-peau-carbure-16.jpg\" alt=\"ma peau carbure 16\" width=\"300\" height=\"400\" \/><\/p>\n<p><strong>Cr\u00e8me Nivea Sof<\/strong>t que je m\u00e9lange \u00e0 l&rsquo;<strong>Huile anti-eau Clarins<\/strong> (c&rsquo;est une esth\u00e9ticienne Clarins qui m&rsquo;a dit que \u00e7a pouvait pas faire de mal \u00e0 mes jambes, j&rsquo;ob\u00e9is consciencieusement).<\/p>\n<p>Sur le haut du corps, je mets la Nivea Soft toute seule (j&rsquo;ai pas de cellulite aqueuse dans les bras, il y a finalement une justice&#8230;).<\/p>\n<p><strong>Cold Cream Av\u00e8ne<\/strong>, que j&rsquo;alterne avec le <strong>Baume L.C.E de Cebelia<\/strong>, pour mes coudes secs et r\u00e2peux (au moins deux fois par jour). Oui j&rsquo;ai des probl\u00e8mes de coudes, chacun sa vie.<\/p>\n<p><strong>Iso-Urea de La Roche Posay<\/strong>, pour les pieds : contre les rugosit\u00e9s et callosit\u00e9s, elle est top.<\/p>\n<p><strong>PS :<\/strong> je sais, l&rsquo;image est pourrie. Mais je suis tributaire du matos qu&rsquo;on m&rsquo;a pr\u00eat\u00e9, et qui ne contient pas les logiciels auxquels je suis habitu\u00e9e (non mais Photoshop Elements, c&rsquo;est quoi ce truc ??? Une nouvelle version de Fisher Price ???).<\/p>\n","protected":false},"excerpt":{"rendered":"<p><strong>CLIQUEZ SUR LE TITRE POUR ACCEDER AU TEXTE ET AUX COMMENTAIRES.<\/strong><\/p>\n<p><img loading=\"lazy\" decoding=\"async\" class=\"alignnone size-full wp-image-129156\" title=\"ma peau carbure 16\" src=\"http:\/\/www.monblogdefille.com\/blog\/wp-content\/uploads\/2009\/10\/ma-peau-carbure-16.jpg\" alt=\"ma peau carbure 16\" width=\"300\" height=\"400\" \/><\/p>\n","protected":false},"author":3,"featured_media":129156,"comment_status":"open","ping_status":"open","sticky":false,"template":"","format":"standard","meta":{"footnotes":""},"categories":[20028,1489],"tags":[20089],"class_list":["post-129155","post","type-post","status-publish","format-standard","has-post-thumbnail","hentry","category-en-ce-moment-ma-peau-carbure-a-ca","category-le-soin","tag-hydratation"],"_links":{"self":[{"href":"https:\/\/www.monblogdefille.com\/blog\/wp-json\/wp\/v2\/posts\/129155","targetHints":{"allow":["GET"]}}],"collection":[{"href":"https:\/\/www.monblogdefille.com\/blog\/wp-json\/wp\/v2\/posts"}],"about":[{"href":"https:\/\/www.monblogdefille.com\/blog\/wp-json\/wp\/v2\/types\/post"}],"author":[{"embeddable":true,"href":"https:\/\/www.monblogdefille.com\/blog\/wp-json\/wp\/v2\/users\/3"}],"replies":[{"embeddable":true,"href":"https:\/\/www.monblogdefille.com\/blog\/wp-json\/wp\/v2\/comments?post=129155"}],"version-history":[{"count":0,"href":"https:\/\/www.monblogdefille.com\/blog\/wp-json\/wp\/v2\/posts\/129155\/revisions"}],"wp:featuredmedia":[{"embeddable":true,"href":"https:\/\/www.monblogdefille.com\/blog\/wp-json\/wp\/v2\/media\/129156"}],"wp:attachment":[{"href":"https:\/\/www.monblogdefille.com\/blog\/wp-json\/wp\/v2\/media?parent=129155"}],"wp:term":[{"taxonomy":"category","embeddable":true,"href":"https:\/\/www.monblogdefille.com\/blog\/wp-json\/wp\/v2\/categories?post=129155"},{"taxonomy":"post_tag","embeddable":true,"href":"https:\/\/www.monblogdefille.com\/blog\/wp-json\/wp\/v2\/tags?post=129155"}],"curies":[{"name":"wp","href":"https:\/\/api.w.org\/{rel}","templated":true}]}}