{"id":128819,"date":"2009-09-15T08:04:13","date_gmt":"2009-09-15T07:04:13","guid":{"rendered":"http:\/\/www.monblogdefille.com\/blog\/?p=128819"},"modified":"2014-01-31T20:56:17","modified_gmt":"2014-01-31T19:56:17","slug":"a-scent-par-issey-miyake","status":"publish","type":"post","link":"https:\/\/www.monblogdefille.com\/blog\/a-scent-par-issey-miyake\/","title":{"rendered":"A Scent, par Issey Miyake"},"content":{"rendered":"<p><img loading=\"lazy\" decoding=\"async\" class=\"alignnone size-full wp-image-128823\" title=\"scent\" alt=\"scent\" src=\"http:\/\/www.monblogdefille.com\/blog\/wp-content\/uploads\/2009\/09\/scent2.jpg\" width=\"500\" height=\"346\" \/><\/p>\n<p>Bon les jeunes, Monsieur Miyake vient de lancer un nouveau jus (oui c\u2019est comme \u00e7a qu\u2019on dit dans le m\u00e9tier), tout \u00e0 fait d\u00e9licieux : c\u2019est un parfum tr\u00e8s l\u00e9ger et frais, presque citronn\u00e9 (c\u2019est la verveine qui fait \u00e7a), pile comme je les aime.<br \/>\nPas de truc lourdingue \u00e0 sillage, sucr\u00e9, poudr\u00e9, cocottant (eu\u00e2\u00e2\u00e2rrrk), mais le chic, la finesse, la verdeur et le p\u00e9tillant.<br \/>\nVraiment d\u00e9licieux, j\u2019adore !<br \/>\nJ\u2019en ai m\u00eame mis sur un petit carton que je laisse dans mon sac pour l\u2019embaumer ;-)<\/p>\n<p>Le cr\u00e9ateur a voulu \u00ab une odeur aussi simple et belle que l\u2019air qu\u2019on respire \u00bb, avouez que l\u2019id\u00e9e est jolie !<br \/>\nIl y a de la jacinthe, la fameuse verveine qui m\u2019emballe tant, et du jasmin.<br \/>\nCa sent la nature et le grand air, c\u2019est vif, limite c\u2019est le parfum qui met de bonne humeur.<\/p>\n<p>Alors \u00e9videmment c\u2019est pas Issey Miyake lui-m\u00eame qui a fabriqu\u00e9 le parfum \u2013 ni le flacon \u2013 avec ses petites mains : la cr\u00e9atrice du jus (oui oui, encore ce mot si curieux ;-), Daphn\u00e9 Bugey, avait d\u00e9j\u00e0 cr\u00e9\u00e9 l\u2019\u00e9dition \u00e9ph\u00e9m\u00e8re de l\u2019Eau d\u2019Issey, l\u2019immense succ\u00e8s de la marque.<\/p>\n<p>Le flacon est super chic, d\u2019une sobri\u00e9t\u00e9 totale, qui correspond aussi \u00e0 ce que je pr\u00e9f\u00e8re en g\u00e9n\u00e9ral (j\u2019aime pas les trucs de filles chichiteux).<br \/>\nIl a \u00e9t\u00e9 imagin\u00e9 par le designer Arik L\u00e9vy, dans un esprit d\u2019\u00e9l\u00e9gance et la puret\u00e9, en accord avec la fragrance qu\u2019il contient.<\/p>\n<p>Bref, une r\u00e9ussite sur toute la ligne !<\/p>\n<p><a href=\"http:\/\/www.ebuzzing.com\" target=\"_blank\" rel=\"me nofollow noopener\"><em>Billet sponsoris\u00e9<\/em><\/a><\/p>\n","protected":false},"excerpt":{"rendered":"<p>Bon les jeunes, Monsieur Miyake vient de lancer un nouveau jus (oui c\u2019est comme \u00e7a qu\u2019on dit dans le m\u00e9tier), tout \u00e0 fait d\u00e9licieux : c\u2019est un parfum tr\u00e8s l\u00e9ger et frais, presque citronn\u00e9 (c\u2019est&#8230;<br \/> <a class=\"read-more\" href=\"https:\/\/www.monblogdefille.com\/blog\/a-scent-par-issey-miyake\/\">Lire la suite \u00bb<\/a><\/p>\n","protected":false},"author":3,"featured_media":128823,"comment_status":"open","ping_status":"open","sticky":false,"template":"","format":"standard","meta":{"footnotes":""},"categories":[20099],"tags":[20100],"class_list":["post-128819","post","type-post","status-publish","format-standard","has-post-thumbnail","hentry","category-parfum","tag-parfum"],"_links":{"self":[{"href":"https:\/\/www.monblogdefille.com\/blog\/wp-json\/wp\/v2\/posts\/128819","targetHints":{"allow":["GET"]}}],"collection":[{"href":"https:\/\/www.monblogdefille.com\/blog\/wp-json\/wp\/v2\/posts"}],"about":[{"href":"https:\/\/www.monblogdefille.com\/blog\/wp-json\/wp\/v2\/types\/post"}],"author":[{"embeddable":true,"href":"https:\/\/www.monblogdefille.com\/blog\/wp-json\/wp\/v2\/users\/3"}],"replies":[{"embeddable":true,"href":"https:\/\/www.monblogdefille.com\/blog\/wp-json\/wp\/v2\/comments?post=128819"}],"version-history":[{"count":0,"href":"https:\/\/www.monblogdefille.com\/blog\/wp-json\/wp\/v2\/posts\/128819\/revisions"}],"wp:featuredmedia":[{"embeddable":true,"href":"https:\/\/www.monblogdefille.com\/blog\/wp-json\/wp\/v2\/media\/128823"}],"wp:attachment":[{"href":"https:\/\/www.monblogdefille.com\/blog\/wp-json\/wp\/v2\/media?parent=128819"}],"wp:term":[{"taxonomy":"category","embeddable":true,"href":"https:\/\/www.monblogdefille.com\/blog\/wp-json\/wp\/v2\/categories?post=128819"},{"taxonomy":"post_tag","embeddable":true,"href":"https:\/\/www.monblogdefille.com\/blog\/wp-json\/wp\/v2\/tags?post=128819"}],"curies":[{"name":"wp","href":"https:\/\/api.w.org\/{rel}","templated":true}]}}