{"id":128774,"date":"2009-09-11T07:34:20","date_gmt":"2009-09-11T05:34:20","guid":{"rendered":"http:\/\/www.monblogdefille.com\/blog\/?p=128774"},"modified":"2009-09-13T10:22:31","modified_gmt":"2009-09-13T08:22:31","slug":"les-yeux-de-marlowe","status":"publish","type":"post","link":"https:\/\/www.monblogdefille.com\/blog\/les-yeux-de-marlowe\/","title":{"rendered":"Les yeux de Marlowe"},"content":{"rendered":"<p>\u00ab\u00a0J&rsquo;ai la peau claire (bien que ch\u00e2tain et anciennement blonde, je ne rougis pas mais dore tr\u00e8s vite au soleil), et atopique : angoisse cosm\u00e9tique quotidienne, un choix hasardeux de fond de teint me colle des plaques rouges et dess\u00e9ch\u00e9es sur le visage pour des semaines. J&rsquo;\u00e9vite donc g\u00e9n\u00e9ralement : tant pis pour les plaques. Je me concentre donc sur les yeux, sujet qui m&rsquo;am\u00e8ne aujourd&rsquo;hui.<\/p>\n<p>Ils sont un peu \u00e9teints, et verts (plut\u00f4t kaki : moi qui ai refus\u00e9 pendant des ann\u00e9es de porter du kaki par antimilitarisme primaire, il a fallu que je me rende, forc\u00e9e et contrainte, \u00e0 l&rsquo;\u00e9vidence. La loi martiale de ces prunelles fait que \u00e7a reste la couleur de fringues qui me va le mieux. Pas vert sapin, pas vert d&rsquo;eau. Kaki.), et ils ont des \u00e9clats jaunes et noirs, plus un liser\u00e9 gris autour, que j&rsquo;aime bien, tout en me demandant s&rsquo;il serait possible de le faire ressortir un peu plus.<\/p>\n<p>Ca, c&rsquo;est pour le c\u00f4t\u00e9 sympa. J&rsquo;aime bien qu&rsquo;ils soient verts, malgr\u00e9 cette fa\u00e7on d\u00e9concertante de vouloir tendre la joue aux militaires (le kaki \u00e7a fait ressortir les prunelles, certes, mais \u00e7a donne surtout un teint d&rsquo;endive).<\/p>\n<p>J&rsquo;en viens \u00e0 ce qui me pose probl\u00e8me (pas que pour le maquillage) : ils sont joliment cern\u00e9s de violet (ben quoi, c&rsquo;est pas justement la couleur compl\u00e9mentaire qui fait ressortir le vert ????), tombants, ET globuleux \u00e0 mourir, tout \u00e7a assortit d&rsquo;une paupi\u00e8re fixe molle et tombante elle aussi comme une fesse anti-sportive un jour de d\u00e9prime. Ca existe pas les tapis roulants pour paupi\u00e8res ? Non ? Bon, tant pis. Ca c&rsquo;est la partie constat.<\/p>\n<p>Le volet maquillage maintenant : ne m&rsquo;\u00e9tant jamais beaucoup maquill\u00e9e, j&rsquo;ai tr\u00e8s vite la sensation de ressembler \u00e0 un pot de peinture. Exit donc les couleurs flashy ou pas naturelles (mais pourquoi ne pas essayer, je n&rsquo;ai jamais os\u00e9).<\/p>\n<p>De toutes fa\u00e7ons, \u00e7a ne tient pas tr\u00e8s bien : j&rsquo;ai aussi la paupi\u00e8re qui fait glisser les fards (et le crayon) pile l\u00e0 o\u00f9 il faut pas, c&rsquo;est-\u00e0-dire autour du ras de cils inf\u00e9rieur, l\u00e0 o\u00f9 \u00e7a me donne un in\u00e9vitablement air de cocker malheureux.<\/p>\n<p>Le maquilleur de MAC Marseille a essay\u00e9 de me convaincre avant de se rendre \u00e0 l&rsquo;\u00e9vidence. Je ne pense pas pouvoir me maquiller dessous, on dirait que j&rsquo;essaye de m&rsquo;\u00e9nucl\u00e9er rien que par la force de mon nerf optique. La water line, \u00e9ventuellement, mais m\u00eame l\u00e0 ce n&rsquo;est g\u00e9n\u00e9ralement pas tr\u00e8s heureux.<\/p>\n<p>Je m&rsquo;en remets donc enti\u00e8rement \u00e0 tes conseils \u00e9clair\u00e9s, et joints quelques photos \u00ab\u00a0au naturel\u00a0\u00bb, dont une de 3\/4 pour donner une id\u00e9e de leur exorbitation. Ils sont quand m\u00eame plus clairs que sur les photos. Il y a aussi une photo d&rsquo;un jour de maquillage \u00e0 la main lourde sur laquelle on voit mieux le probl\u00e8me de la paupi\u00e8re inf\u00e9rieure tombante.<\/p>\n<p><img loading=\"lazy\" decoding=\"async\" class=\"alignnone size-full wp-image-128776\" title=\"Marlowe 3-4 nude\" src=\"http:\/\/www.monblogdefille.com\/blog\/wp-content\/uploads\/2009\/09\/Marlowe-3-4-nude.jpg\" alt=\"Marlowe 3-4 nude\" width=\"302\" height=\"146\" \/><\/p>\n<p><img loading=\"lazy\" decoding=\"async\" class=\"alignnone size-full wp-image-128777\" title=\"Marlowe yeux face nude\" src=\"http:\/\/www.monblogdefille.com\/blog\/wp-content\/uploads\/2009\/09\/Marlowe-yeux-face-nude.jpg\" alt=\"Marlowe yeux face nude\" width=\"234\" height=\"98\" \/><\/p>\n<p><img loading=\"lazy\" decoding=\"async\" class=\"alignnone size-full wp-image-128775\" title=\"Marlowe maquillage\" src=\"http:\/\/www.monblogdefille.com\/blog\/wp-content\/uploads\/2009\/09\/Marlowe-maquillage.jpg\" alt=\"Marlowe maquillage\" width=\"239\" height=\"109\" \/><\/p>\n<p>PS : je me rends \u00e9galement compte que l&rsquo;\u00e9pilation sommaire de mes sourcils n&rsquo;arrange rien. Si tu as des suggestions sur ce volet, je prends aussi !\u00a0\u00bb<\/p>\n<p><span style=\"text-decoration: underline;\">J\u2019en dis\u00a0:<\/span><\/p>\n<p>D\u00e9j\u00e0, j\u2019adore ta fa\u00e7on d\u2019\u00e9crire\u00a0;-)<\/p>\n<p>Ensuite, comme pas mal d\u2019autres lectrices avant toi, tu te vois afflig\u00e9e d\u2019un nombre de tares aussi stup\u00e9fiant qu\u2019inexistant pour nous qui regardons ces photos.<br \/>\nJe n\u2019essaierai pas de te convaincre que tes yeux ne absolument pas ce que tu d\u00e9cris, ces trucs-l\u00e0 \u00e7a se raisonnent pas, sache toutefois qu\u2019\u00e0 mon avis, toi seule vois tout \u00e7a\u00a0;-)<\/p>\n<p>Bref, agissons.<\/p>\n<p>Leur couleur, bien que militaire, est magnifique, et on peut faire plein de choses avec \u00e7a.<br \/>\nDonc non pas de violet puisque tu n\u2019as pas envie de couleurs flashy (mais garde-le dans un coin de ta t\u00eate, associ\u00e9 \u00e0 du kaki ou port\u00e9 seul, pour le jour o\u00f9 tu auras envie d\u2019avoir les yeux super verts\u00a0;-), mais des couleurs que tu dois d\u00e9j\u00e0 avoir, du brun au kaki en passant par le beige.<br \/>\nTu peux pimenter \u00e7a d\u2019un peu de dor\u00e9 (dans le coin interne, par exemple), \u00e7a reste une couleur naturelle tout en \u00e9tant un peu gai, c\u2019est souvent une bonne id\u00e9e. Tous les Baked d\u2019Urban Decay, ainsi que le Mildew (un kaki proche du Somptuous Olive de MAC, mais moins jaune), devraient \u00eatre beaux sur toi.<\/p>\n<p>C\u00f4t\u00e9 forme, le tombant et le bomb\u00e9 se corrigent assez facilement (tu n\u2019as pas du tout les yeux exorbit\u00e9s, juste la paupi\u00e8re inf\u00e9rieure l\u00e9g\u00e8rement bomb\u00e9e, \u00e7a se voit particuli\u00e8rement sur la photo de 3\/4 \u2013 crois-moi, des yeux globuleux, c\u2019est pas du tout comme \u00e7a\u00a0;-).<br \/>\nLa preuve, c\u2019est ce que tu as fait sur ton \u00ab\u00a0maquillage main lourde\u00a0\u00bb : tu as spontan\u00e9ment corrig\u00e9 la forme de tes yeux en faisant un maquillage assez \u00e9tir\u00e9 vers l\u2019ext\u00e9rieur et vers le haut, c\u2019est super\u00a0!<br \/>\nEt si tu regardes bien par rapport aux deux autres photos, le dessous d\u2019\u0153il para\u00eet moins bomb\u00e9 sur celle-ci.<br \/>\nDonc je ne suis pas d\u2019accord avec le maquilleur marseillais, \u00e7a vaut le coup de mettre du sombre sur ton ras de cils inf\u00e9rieurs, le tout est de ne pas venir jusqu\u2019au coin interne (et que \u00e7a soit \u00e9quilibr\u00e9 avec le maquillage du haut, bien entendu).<br \/>\nLe fait de mettre un fard fonc\u00e9 au ras des cils \u00ab\u00a0renfonce\u00a0\u00bb cette partie de l\u2019\u0153il par illusion d\u2019optique.<br \/>\nSi tu trouves le look trop charg\u00e9 sur cette photo (moi pas, je trouve \u00e7a tr\u00e8s r\u00e9ussi\u00a0;-), il suffit de le refaire avec moins de fard, moins d\u2019intensit\u00e9 en fait.<\/p>\n<p>Pour la water line tu peux sans doute te cantonner au coin externe, effectivement. Mais \u00e7a m\u00e9rite d\u2019\u00eatre essay\u00e9, je suis s\u00fbre que ce serait int\u00e9ressant\u00a0: si tu regardes la photo du maquillage \u00ab\u00a0main lourde\u00a0\u00bb, on a envie de mettre un peu de sombre dans le coin externe de la muqueuse, tu ne trouves pas\u00a0?<\/p>\n<p>Sinon je suis navr\u00e9e mais tu n\u2019as pas de cernes, en tout cas pas sur ces photos\u00a0;-)<\/p>\n<p>Pour la tenue des fards, je te sugg\u00e8re bien s\u00fbr une base (Shadow Insurance chez Too Faced ou Primer Potion chez Urban Decay), \u00e0 mettre donc aussi au ras des cils du bas, comme \u00e7a tu as la paix, rien ne bouge nulle part.<\/p>\n<p>J\u2019aime beaucoup tes sourcils parfaitement arqu\u00e9s et dont l\u2019\u00e9paisseur est, \u00e0 mon go\u00fbt, id\u00e9ale\u00a0; d\u00e9cid\u00e9ment, je crois bien que jamais je n\u2019ai \u00e9t\u00e9 aussi peu d\u2019accord avec le diagnostic d\u2019une de vous sur elle-m\u00eame dans cette rubrique\u00a0;-))<\/p>\n<p>Que t\u2019en semble\u00a0? Les girls\u00a0?<\/p>\n","protected":false},"excerpt":{"rendered":"<p><img loading=\"lazy\" decoding=\"async\" class=\"alignnone size-full wp-image-128808\" title=\"Marlowe 200\" src=\"http:\/\/www.monblogdefille.com\/blog\/wp-content\/uploads\/2009\/09\/Marlowe-200.jpg\" alt=\"Marlowe 200\" width=\"200\" height=\"91\" \/><\/p>\n","protected":false},"author":3,"featured_media":128776,"comment_status":"open","ping_status":"open","sticky":false,"template":"","format":"standard","meta":{"footnotes":""},"categories":[1],"tags":[],"class_list":["post-128774","post","type-post","status-publish","format-standard","has-post-thumbnail","hentry","category-uncategorized"],"_links":{"self":[{"href":"https:\/\/www.monblogdefille.com\/blog\/wp-json\/wp\/v2\/posts\/128774","targetHints":{"allow":["GET"]}}],"collection":[{"href":"https:\/\/www.monblogdefille.com\/blog\/wp-json\/wp\/v2\/posts"}],"about":[{"href":"https:\/\/www.monblogdefille.com\/blog\/wp-json\/wp\/v2\/types\/post"}],"author":[{"embeddable":true,"href":"https:\/\/www.monblogdefille.com\/blog\/wp-json\/wp\/v2\/users\/3"}],"replies":[{"embeddable":true,"href":"https:\/\/www.monblogdefille.com\/blog\/wp-json\/wp\/v2\/comments?post=128774"}],"version-history":[{"count":0,"href":"https:\/\/www.monblogdefille.com\/blog\/wp-json\/wp\/v2\/posts\/128774\/revisions"}],"wp:featuredmedia":[{"embeddable":true,"href":"https:\/\/www.monblogdefille.com\/blog\/wp-json\/wp\/v2\/media\/128776"}],"wp:attachment":[{"href":"https:\/\/www.monblogdefille.com\/blog\/wp-json\/wp\/v2\/media?parent=128774"}],"wp:term":[{"taxonomy":"category","embeddable":true,"href":"https:\/\/www.monblogdefille.com\/blog\/wp-json\/wp\/v2\/categories?post=128774"},{"taxonomy":"post_tag","embeddable":true,"href":"https:\/\/www.monblogdefille.com\/blog\/wp-json\/wp\/v2\/tags?post=128774"}],"curies":[{"name":"wp","href":"https:\/\/api.w.org\/{rel}","templated":true}]}}