{"id":128753,"date":"2009-09-08T08:58:45","date_gmt":"2009-09-08T06:58:45","guid":{"rendered":"http:\/\/www.monblogdefille.com\/blog\/?p=128753"},"modified":"2009-12-08T13:26:44","modified_gmt":"2009-12-08T12:26:44","slug":"soin-menard-a-prix-reduit-rappel","status":"publish","type":"post","link":"https:\/\/www.monblogdefille.com\/blog\/soin-menard-a-prix-reduit-rappel\/","title":{"rendered":"Soin Menard \u00e0 prix r\u00e9duit, rappel"},"content":{"rendered":"<p>Certaines d\u2019entre vous \u00e9taient sans doute en vacances quand j\u2019ai annonc\u00e9 \u00e7a, donc je vous la refais :<\/p>\n<p><img loading=\"lazy\" decoding=\"async\" class=\"alignnone size-full wp-image-128544\" title=\"boutique menard\" src=\"http:\/\/www.monblogdefille.com\/blog\/wp-content\/uploads\/2009\/08\/boutique-menard.jpg\" alt=\"boutique menard\" width=\"500\" height=\"334\" \/><\/p>\n<p>Chez <strong>Menard <\/strong>il y a un nouveau soin qui s\u2019appelle <strong>Sumire <\/strong>et qui dure 1h30 (et qui est top, comme tous les soins Menard, avec des massages du visage et tout \u2013 de toute fa\u00e7on c\u2019est un peu le genre de maison o\u00f9 vous \u00eates s\u00fbre de jamais vous planter ;-)<\/p>\n<p>Pour vous il est \u00e0 <strong>95 \u20ac au lieu de 135 \u20ac<\/strong>, donc chez Menard au 2 rue de la Paix (ouiii, je sais, c\u2019est encore un truc pour les parisiennes\u2026).<\/p>\n<p>T\u00e9l\u00e9phonez au <strong>01.42.65.58.08<\/strong> et dites que vous venez de la part de mon blog de fille, puis relaxez-vous ;-)<\/p>\n<p>L\u2019offre est valable jusqu\u2019\u00e0 fin septembre. Ouala, enjoy, girls ;-)<\/p>\n","protected":false},"excerpt":{"rendered":"<p>Certaines d\u2019entre vous \u00e9taient sans doute en vacances quand j\u2019ai annonc\u00e9 \u00e7a, donc je vous la refais : Chez Menard il y a un nouveau soin qui s\u2019appelle Sumire et qui dure 1h30 (et qui&#8230;<br \/> <a class=\"read-more\" href=\"https:\/\/www.monblogdefille.com\/blog\/soin-menard-a-prix-reduit-rappel\/\">Lire la suite \u00bb<\/a><\/p>\n","protected":false},"author":3,"featured_media":128544,"comment_status":"open","ping_status":"open","sticky":false,"template":"","format":"standard","meta":{"footnotes":""},"categories":[20016],"tags":[20017],"class_list":["post-128753","post","type-post","status-publish","format-standard","has-post-thumbnail","hentry","category-spas-hammams-instituts","tag-instituts-hammams-et-spas"],"_links":{"self":[{"href":"https:\/\/www.monblogdefille.com\/blog\/wp-json\/wp\/v2\/posts\/128753","targetHints":{"allow":["GET"]}}],"collection":[{"href":"https:\/\/www.monblogdefille.com\/blog\/wp-json\/wp\/v2\/posts"}],"about":[{"href":"https:\/\/www.monblogdefille.com\/blog\/wp-json\/wp\/v2\/types\/post"}],"author":[{"embeddable":true,"href":"https:\/\/www.monblogdefille.com\/blog\/wp-json\/wp\/v2\/users\/3"}],"replies":[{"embeddable":true,"href":"https:\/\/www.monblogdefille.com\/blog\/wp-json\/wp\/v2\/comments?post=128753"}],"version-history":[{"count":0,"href":"https:\/\/www.monblogdefille.com\/blog\/wp-json\/wp\/v2\/posts\/128753\/revisions"}],"wp:featuredmedia":[{"embeddable":true,"href":"https:\/\/www.monblogdefille.com\/blog\/wp-json\/wp\/v2\/media\/128544"}],"wp:attachment":[{"href":"https:\/\/www.monblogdefille.com\/blog\/wp-json\/wp\/v2\/media?parent=128753"}],"wp:term":[{"taxonomy":"category","embeddable":true,"href":"https:\/\/www.monblogdefille.com\/blog\/wp-json\/wp\/v2\/categories?post=128753"},{"taxonomy":"post_tag","embeddable":true,"href":"https:\/\/www.monblogdefille.com\/blog\/wp-json\/wp\/v2\/tags?post=128753"}],"curies":[{"name":"wp","href":"https:\/\/api.w.org\/{rel}","templated":true}]}}