{"id":128637,"date":"2009-08-26T09:45:44","date_gmt":"2009-08-26T07:45:44","guid":{"rendered":"http:\/\/www.monblogdefille.com\/blog\/?p=128637"},"modified":"2009-08-29T12:29:58","modified_gmt":"2009-08-29T10:29:58","slug":"la-vie-n%e2%80%99est-pas-simple-par-happyvero","status":"publish","type":"post","link":"https:\/\/www.monblogdefille.com\/blog\/la-vie-n%e2%80%99est-pas-simple-par-happyvero\/","title":{"rendered":"La vie n\u2019est pas simple, par happyvero"},"content":{"rendered":"<p><img loading=\"lazy\" decoding=\"async\" class=\"alignnone size-full wp-image-128239\" title=\"o-toi-lectrice\" src=\"http:\/\/www.monblogdefille.com\/blog\/wp-content\/uploads\/2009\/07\/o-toi-lectrice.jpg\" alt=\"o-toi-lectrice\" width=\"500\" height=\"375\" \/><\/p>\n<p>\u00ab\u00a0Salut les filles comme dirait H\u00e9l\u00e8ne,<\/p>\n<p>Je vis seule avec mes deux filles\u00a0; mon Ch\u00e9ri ne rentre que le week-end car il vit \u00e0 100km.<br \/>\nMa vie n&rsquo;est pas facile et l\u00e0 il vient apr\u00e8s 8 mois de location d&rsquo;acheter un bien pas tr\u00e8s loin de son boulot (normal).<\/p>\n<p>Je ne l&rsquo;ai pas suivi car mes filles ont 12 et 16 ans.<br \/>\nQuand il a d\u00e9cid\u00e9 de partir j&rsquo;ai dit \u00ab\u00a0OUI\u00a0\u00bb mais en fait \u00ab\u00a0NON\u00a0\u00bb.<\/p>\n<p>Je ne peux arracher mes filles \u00e0 leurs racines \u00e0 leur vie \u00ab\u00a0ici\u00a0\u00bb.<\/p>\n<p>Donc je me suis sacrifi\u00e9e pour elles, mais en fait me suis je vraiment sacrifi\u00e9e ??<\/p>\n<p>Ai-je vraiment envie de vendre mon super appart en rez-de-jardin avec terrasse et spa dans le jardin\u00a0?<br \/>\nAi-je vraiment envie de partir d&rsquo;ici et de quitter mes racines\u00a0?<br \/>\nAi-je vraiment envie de risquer de partir avec mes filles sous le bras et de leur demander de se r\u00e9habituer a une autre vie ailleurs\u00a0?<br \/>\nleurs \u00e9tudes leur vie leurs amis<br \/>\nJ&rsquo;ai trop souffert \u00e9tant jeune de ne pas voir mes amis assez souvent et de ne pas pouvoir les avoir \u00a0\u00bb \u00e0 port\u00e9e de main\u00a0\u00bb.<\/p>\n<p>Je pense que je n&rsquo;ai pas envie de partir et j&rsquo;en suis m\u00eame s\u00fbre.<\/p>\n<p>Mon Ch\u00e9ri me manquera car on ne se verra qu&rsquo;une ou deux fois par mois\u00a0; et alors ????<\/p>\n<p>Je suis pr\u00eate, s&rsquo;il en est besoin, \u00e0 vivre par moi-m\u00eame\u00a0; et m\u00eame sans Ch\u00e9ri, tant pis.<\/p>\n<p>C&rsquo;est peut \u00eatre radical, mais que puis-je faire\u00a0?<\/p>\n<p>Je dois penser \u00e0 moi et \u00e0 mes filles.<\/p>\n<p>Et si je pense a moi et que je suis bien, mes filles seront bien.<\/p>\n<p>Je sais c&rsquo;est \u00e9go\u00efste\u00a0; mais quel mal y a-t-il a penser a moi avant tout\u00a0?<br \/>\nAucun, j&rsquo;en suis convaincue.<\/p>\n<p>Quel bonheur de vous faire partager cela\u2026<\/p>\n<p>Courage \u00e0 toutes, la vie n&rsquo;est pas simple\u00a0!<br \/>\nSurtout pour une m\u00e8re \u00ab\u00a0seule\u00a0\u00bb (oui d\u00e9sol\u00e9e mais m\u00eame si Ch\u00e9ri existe, je suis seule avec mes filles).<br \/>\nMais je ne me plains pas\u00a0: je constate. Je l&rsquo;ai souhait\u00e9, et je suis mieux seule et en gal\u00e8re, qu&rsquo;avec \u00ab\u00a0quelqu&rsquo;un\u00a0\u00bb en me sentant seule.<\/p>\n<p>Sign\u00e9\u00a0: happyvero\u00a0\u00bb<\/p>\n","protected":false},"excerpt":{"rendered":"<p>\u00ab\u00a0Salut les filles comme dirait H\u00e9l\u00e8ne, Je vis seule avec mes deux filles\u00a0; mon Ch\u00e9ri ne rentre que le week-end car il vit \u00e0 100km. Ma vie n&rsquo;est pas facile et l\u00e0 il vient apr\u00e8s&#8230;<br \/> <a class=\"read-more\" href=\"https:\/\/www.monblogdefille.com\/blog\/la-vie-n%e2%80%99est-pas-simple-par-happyvero\/\">Lire la suite \u00bb<\/a><\/p>\n","protected":false},"author":3,"featured_media":128239,"comment_status":"open","ping_status":"open","sticky":false,"template":"","format":"standard","meta":{"footnotes":""},"categories":[5377],"tags":[],"class_list":["post-128637","post","type-post","status-publish","format-standard","has-post-thumbnail","hentry","category-o-toi-lectrice"],"_links":{"self":[{"href":"https:\/\/www.monblogdefille.com\/blog\/wp-json\/wp\/v2\/posts\/128637","targetHints":{"allow":["GET"]}}],"collection":[{"href":"https:\/\/www.monblogdefille.com\/blog\/wp-json\/wp\/v2\/posts"}],"about":[{"href":"https:\/\/www.monblogdefille.com\/blog\/wp-json\/wp\/v2\/types\/post"}],"author":[{"embeddable":true,"href":"https:\/\/www.monblogdefille.com\/blog\/wp-json\/wp\/v2\/users\/3"}],"replies":[{"embeddable":true,"href":"https:\/\/www.monblogdefille.com\/blog\/wp-json\/wp\/v2\/comments?post=128637"}],"version-history":[{"count":0,"href":"https:\/\/www.monblogdefille.com\/blog\/wp-json\/wp\/v2\/posts\/128637\/revisions"}],"wp:featuredmedia":[{"embeddable":true,"href":"https:\/\/www.monblogdefille.com\/blog\/wp-json\/wp\/v2\/media\/128239"}],"wp:attachment":[{"href":"https:\/\/www.monblogdefille.com\/blog\/wp-json\/wp\/v2\/media?parent=128637"}],"wp:term":[{"taxonomy":"category","embeddable":true,"href":"https:\/\/www.monblogdefille.com\/blog\/wp-json\/wp\/v2\/categories?post=128637"},{"taxonomy":"post_tag","embeddable":true,"href":"https:\/\/www.monblogdefille.com\/blog\/wp-json\/wp\/v2\/tags?post=128637"}],"curies":[{"name":"wp","href":"https:\/\/api.w.org\/{rel}","templated":true}]}}