{"id":128575,"date":"2009-08-22T12:36:33","date_gmt":"2009-08-22T10:36:33","guid":{"rendered":"http:\/\/www.monblogdefille.com\/blog\/?p=128575"},"modified":"2013-12-11T18:41:34","modified_gmt":"2013-12-11T17:41:34","slug":"mes-pinceaux-preferes","status":"publish","type":"post","link":"https:\/\/www.monblogdefille.com\/blog\/mes-pinceaux-preferes\/","title":{"rendered":"Mes pinceaux pr\u00e9f\u00e9r\u00e9s"},"content":{"rendered":"<p><iframe loading=\"lazy\" width=\"940\" height=\"705\" src=\"https:\/\/www.youtube.com\/embed\/w44xr6Eqk3g?feature=oembed\" frameborder=\"0\" allowfullscreen><\/iframe> <\/p>\n<p><span style=\"text-decoration: underline;\">Les yeux, de gauche \u00e0 droite<\/span><\/p>\n<p>239 MAC<\/p>\n<p>266 MAC<\/p>\n<p>217 MAC<\/p>\n<p>0S Make Up Forever<\/p>\n<p>224 MAC<\/p>\n<p><img loading=\"lazy\" decoding=\"async\" class=\"alignnone size-full wp-image-128576\" title=\"mes pinceaux pr\u00e9f\u00e9r\u00e9s yeux\" src=\"http:\/\/www.monblogdefille.com\/blog\/wp-content\/uploads\/2009\/08\/mes-pinceaux-pr\u00e9f\u00e9r\u00e9s-yeux.jpg\" alt=\"mes pinceaux pr\u00e9f\u00e9r\u00e9s yeux\" width=\"500\" height=\"375\" \/><\/p>\n<p><span style=\"text-decoration: underline;\">Le teint, de haut en bas<\/span><\/p>\n<p>187 MAC<\/p>\n<p>134 MAC<\/p>\n<p><img loading=\"lazy\" decoding=\"async\" class=\"alignnone size-full wp-image-128577\" title=\"mes pinceaux pr\u00e9f\u00e9r\u00e9s teint\" src=\"http:\/\/www.monblogdefille.com\/blog\/wp-content\/uploads\/2009\/08\/mes-pinceaux-pr\u00e9f\u00e9r\u00e9s-teint.jpg\" alt=\"mes pinceaux pr\u00e9f\u00e9r\u00e9s teint\" width=\"500\" height=\"375\" \/><\/p>\n","protected":false},"excerpt":{"rendered":"<p><strong>POUR VOIR LA VIDEO,<a href=\" http:\/\/www.monblogdefille.com\/blog\/mes-pinceaux-preferes\" target=\"_self\"> CLIQUEZ ICI<\/a><\/strong><\/p>\n<p><img loading=\"lazy\" decoding=\"async\" class=\"alignnone size-full wp-image-128576\" title=\"mes pinceaux pr\u00e9f\u00e9r\u00e9s yeux\" src=\"http:\/\/www.monblogdefille.com\/blog\/wp-content\/uploads\/2009\/08\/mes-pinceaux-pr\u00e9f\u00e9r\u00e9s-yeux.jpg\" alt=\"mes pinceaux pr\u00e9f\u00e9r\u00e9s yeux\" width=\"500\" height=\"375\" \/><\/p>\n","protected":false},"author":3,"featured_media":128576,"comment_status":"open","ping_status":"open","sticky":false,"template":"","format":"standard","meta":{"footnotes":""},"categories":[1485,20030,19978],"tags":[19963,19988,19990],"class_list":["post-128575","post","type-post","status-publish","format-standard","has-post-thumbnail","hentry","category-le-maquillage","category-teint-et-divers","category-videos","tag-mac","tag-make-up-forever","tag-pinceaux"],"_links":{"self":[{"href":"https:\/\/www.monblogdefille.com\/blog\/wp-json\/wp\/v2\/posts\/128575","targetHints":{"allow":["GET"]}}],"collection":[{"href":"https:\/\/www.monblogdefille.com\/blog\/wp-json\/wp\/v2\/posts"}],"about":[{"href":"https:\/\/www.monblogdefille.com\/blog\/wp-json\/wp\/v2\/types\/post"}],"author":[{"embeddable":true,"href":"https:\/\/www.monblogdefille.com\/blog\/wp-json\/wp\/v2\/users\/3"}],"replies":[{"embeddable":true,"href":"https:\/\/www.monblogdefille.com\/blog\/wp-json\/wp\/v2\/comments?post=128575"}],"version-history":[{"count":0,"href":"https:\/\/www.monblogdefille.com\/blog\/wp-json\/wp\/v2\/posts\/128575\/revisions"}],"wp:featuredmedia":[{"embeddable":true,"href":"https:\/\/www.monblogdefille.com\/blog\/wp-json\/wp\/v2\/media\/128576"}],"wp:attachment":[{"href":"https:\/\/www.monblogdefille.com\/blog\/wp-json\/wp\/v2\/media?parent=128575"}],"wp:term":[{"taxonomy":"category","embeddable":true,"href":"https:\/\/www.monblogdefille.com\/blog\/wp-json\/wp\/v2\/categories?post=128575"},{"taxonomy":"post_tag","embeddable":true,"href":"https:\/\/www.monblogdefille.com\/blog\/wp-json\/wp\/v2\/tags?post=128575"}],"curies":[{"name":"wp","href":"https:\/\/api.w.org\/{rel}","templated":true}]}}