{"id":128470,"date":"2009-08-10T12:50:43","date_gmt":"2009-08-10T10:50:43","guid":{"rendered":"http:\/\/www.monblogdefille.com\/blog\/?p=128470"},"modified":"2016-08-15T20:11:34","modified_gmt":"2016-08-15T18:11:34","slug":"ceci-est-mon-dressing","status":"publish","type":"post","link":"https:\/\/www.monblogdefille.com\/blog\/ceci-est-mon-dressing\/","title":{"rendered":"Ceci est mon dressing"},"content":{"rendered":"<p>Je suis tr\u00e8s emmerd\u00e9e.<br \/>\nTout s\u2019est violemment p\u00e9t\u00e9 la gueule pendant mon absence, j\u2019ai d\u00e9couvert ce pestacle atroce en voulant ranger ma valise samedi soir \u00e0 mon retour des alpages.<br \/>\nNormalement tout ce qui est par terre est suspendu \u00e0 une tringle en hauteur, dont on aper\u00e7oit un malheureux crochet de soutien orphelin et d\u00e9sormais inutile.<\/p>\n<p><img loading=\"lazy\" decoding=\"async\" class=\"alignnone size-full wp-image-128472\" title=\"dressing 2\" src=\"http:\/\/www.monblogdefille.com\/blog\/wp-content\/uploads\/2009\/08\/dressing-2.jpg\" alt=\"dressing 2\" width=\"500\" height=\"667\" \/><\/p>\n<p>J\u2019ai m\u00eame pas eu le courage de ramasser quoi que ce soit de ce tas monstrueux. Et tout ce qui est au bout du \u00ab\u00a0dressing\u00a0\u00bb est inaccessible, \u00e0 moins de marcher sur ledit tas, ce que je ne me suis pas encore r\u00e9solue \u00e0 faire (il y a un paquet de cintres, dans le tas, \u00e7a m\u2019ennuierait de les briser \u2013 ou de me niquer les pieds dessus).<\/p>\n<p>Faiche, il y a quelques jolies robes d\u2019\u00e9t\u00e9, l\u00e0-dessous\u00a0!<\/p>\n<p>Quelqu\u2019un \u00e0 une id\u00e9e pour r\u00e9parer ce massacre\u00a0? Un bon artisan qui se soit pas barr\u00e9 au mois d\u2019ao\u00fbt\u00a0?<br \/>\n(bien s\u00fbr que non je suis pas foutue de planter un clou, et j\u2019ai AUCUN AUTRE ENDROIT o\u00f9 ranger tout \u00e7a \u2013 je vous rappelle que je vis \u00e0 Paris, o\u00f9 on a le choix entre parquet-moulures-charme-gna-gna-gna-z\u00e9ro-rangements, et placards-\u00e0-gogo-mais-balcon-avec-pare-soleil-ann\u00e9es-70).<\/p>\n<p>Sa race quoi. Je suis dans un merdier effroyable.<\/p>\n<p><img loading=\"lazy\" decoding=\"async\" class=\"alignnone size-full wp-image-128471\" title=\"dressing 1\" src=\"http:\/\/www.monblogdefille.com\/blog\/wp-content\/uploads\/2009\/08\/dressing-1.jpg\" alt=\"dressing 1\" width=\"500\" height=\"667\" \/><\/p>\n<p>PS\u00a0: pourquoi il est peint en noir\u00a0? Ben pour faire peur aux enfants tiens.<br \/>\nEn fait le pr\u00e9c\u00e9dent proprio \u00e9tait photographe \u00e0 l\u2019\u00e8re de l\u2019argentique et en avait fait sa chambre noire. Vous en savez de plus en plus sur ma vie, je voudrais pas dire\u00a0;-)<\/p>\n","protected":false},"excerpt":{"rendered":"<p>Je suis tr\u00e8s emmerd\u00e9e. Tout s\u2019est violemment p\u00e9t\u00e9 la gueule pendant mon absence, j\u2019ai d\u00e9couvert ce pestacle atroce en voulant ranger ma valise samedi soir \u00e0 mon retour des alpages. Normalement tout ce qui est&#8230;<br \/> <a class=\"read-more\" href=\"https:\/\/www.monblogdefille.com\/blog\/ceci-est-mon-dressing\/\">Lire la suite \u00bb<\/a><\/p>\n","protected":false},"author":3,"featured_media":128472,"comment_status":"open","ping_status":"open","sticky":false,"template":"","format":"standard","meta":{"footnotes":""},"categories":[19925],"tags":[],"class_list":["post-128470","post","type-post","status-publish","format-standard","has-post-thumbnail","hentry","category-parfois-la-vie-est-une-vallee-de-roses-et-parfois-non"],"_links":{"self":[{"href":"https:\/\/www.monblogdefille.com\/blog\/wp-json\/wp\/v2\/posts\/128470","targetHints":{"allow":["GET"]}}],"collection":[{"href":"https:\/\/www.monblogdefille.com\/blog\/wp-json\/wp\/v2\/posts"}],"about":[{"href":"https:\/\/www.monblogdefille.com\/blog\/wp-json\/wp\/v2\/types\/post"}],"author":[{"embeddable":true,"href":"https:\/\/www.monblogdefille.com\/blog\/wp-json\/wp\/v2\/users\/3"}],"replies":[{"embeddable":true,"href":"https:\/\/www.monblogdefille.com\/blog\/wp-json\/wp\/v2\/comments?post=128470"}],"version-history":[{"count":0,"href":"https:\/\/www.monblogdefille.com\/blog\/wp-json\/wp\/v2\/posts\/128470\/revisions"}],"wp:featuredmedia":[{"embeddable":true,"href":"https:\/\/www.monblogdefille.com\/blog\/wp-json\/wp\/v2\/media\/128472"}],"wp:attachment":[{"href":"https:\/\/www.monblogdefille.com\/blog\/wp-json\/wp\/v2\/media?parent=128470"}],"wp:term":[{"taxonomy":"category","embeddable":true,"href":"https:\/\/www.monblogdefille.com\/blog\/wp-json\/wp\/v2\/categories?post=128470"},{"taxonomy":"post_tag","embeddable":true,"href":"https:\/\/www.monblogdefille.com\/blog\/wp-json\/wp\/v2\/tags?post=128470"}],"curies":[{"name":"wp","href":"https:\/\/api.w.org\/{rel}","templated":true}]}}