{"id":128261,"date":"2009-07-17T11:56:18","date_gmt":"2009-07-17T09:56:18","guid":{"rendered":"http:\/\/www.monblogdefille.com\/blog\/?p=128261"},"modified":"2011-12-31T18:07:13","modified_gmt":"2011-12-31T17:07:13","slug":"tolerance-extreme-avene-le-defi","status":"publish","type":"post","link":"https:\/\/www.monblogdefille.com\/blog\/tolerance-extreme-avene-le-defi\/","title":{"rendered":"Tol\u00e9rance Extr\u00eame Av\u00e8ne, le D.E.F.I !"},"content":{"rendered":"<p><img loading=\"lazy\" decoding=\"async\" class=\"alignnone size-full wp-image-128262\" title=\"tolerance-extreme-defi\" src=\"http:\/\/www.monblogdefille.com\/blog\/wp-content\/uploads\/2009\/07\/tolerance-extreme-defi.jpg\" alt=\"tolerance-extreme-defi\" width=\"500\" height=\"667\" \/><\/p>\n<p>Or donc chez Av\u00e8ne ils ont invent\u00e9 un moyen d&rsquo;avoir la cr\u00e8me Tol\u00e9rance Extr\u00eame dans un tube normal \u00e0 la place des dosettes qu&rsquo;il faut jeter au bout de 3 jours (oui il faut, sinon vous aurez le derri\u00e8re fluorescent).<\/p>\n<p>Parce que le principe de cette cr\u00e8me, c&rsquo;est d&rsquo;\u00eatre fabriqu\u00e9e et emball\u00e9e dans des conditions totalement st\u00e9riles (comme un m\u00e9dicament), vu qu&rsquo;elle contient strictement z\u00e9ro conservateur.<br \/>\nD&rsquo;ailleurs elle ne contient que 9 ingr\u00e9dients au total, c&rsquo;est pas beaucoup je peux vous dire, et pour un maximum de tol\u00e9rance, c&rsquo;est encore un des meilleurs moyens\u00a0 (y&rsquo;a pas non plus de tensio-actif, et \u0153uf corse, pas de parfum).<\/p>\n<p>Le probl\u00e8me, c&rsquo;est que certains, les dosettes \u00e7a les sao\u00fblait. D&rsquo;autres non et du coup ils sont pas contents du nouveau conditionnement, mais on peut pas plaire \u00e0 tout le monde.<br \/>\nDonc les gens de chez Av\u00e8ne ont boss\u00e9 sur un tube de taille normale (50 ml) qui permettrait de garder la st\u00e9rilit\u00e9 totale de la cr\u00e8me, m\u00eame en l&rsquo;utilisant plus longtemps que 3 jours.<br \/>\nParce que les flacons pompes, m\u00eame sans reprise d&rsquo;air (exemple\u00a0: les flacons-pompe Eluage), c&rsquo;est bien gentil, mais il y a toujours du produit qui reste dans le haut de la pompe. On appelle \u00e7a le \u00ab\u00a0volume mort\u00a0\u00bb, dans le jargon, et \u00e7a provoque une \u00ab\u00a0r\u00e9trocontamination\u00a0\u00bb, toujours dans le jargon (\u00e7a a \u00e9t\u00e9 en contact avec l&rsquo;ext\u00e9rieur et \u00e7a revient au contact de l&rsquo;int\u00e9rieur, que \u00e7a contamine, grosso modo).<\/p>\n<p>Ben ils ont r\u00e9ussi \u00e0 trouver un moyen d&rsquo;\u00e9viter \u00e7a. Evidemment j&rsquo;ai pas compris comment \u00e7a marche (en plus j&rsquo;ai loup\u00e9 la conf\u00e9rence de presse, ouuuh, mauvaise \u00e9l\u00e8ve), pourtant j&rsquo;ai vu des croquis et tout.<br \/>\nToujours est-il que ce \u00ab\u00a0volume mort\u00a0\u00bb dans la t\u00eate de la pompe, l\u00e0 il existe pas.<\/p>\n<p>Donc la cr\u00e8me dans le tube reste totalement st\u00e9rile tout le temps d&rsquo;utilisation du tube (genre 1 \u00e0 3 mois, selon les quantit\u00e9s que vous utilisez).<br \/>\nEt c&rsquo;est pas la peine de la mettre au frigo hein, c&rsquo;est pas parce qu&rsquo;elle a pas de conservateur qu&rsquo;elle se conserve pas correctemeent, vous en faites pas\u00a0;-)<\/p>\n<p>Ouala. Moi je suis bien contente d&rsquo;avoir un gros tube plut\u00f4t que what mille boites de dosettes infernales, parce que la Tol\u00e9rance Extr\u00eame, c&rsquo;est ma cr\u00e8me de jour depuis 2 mois. Ma peau supporte rien, d\u00e8s que j&rsquo;incurse ailleurs elle se rebelle, la vache (quoi que cette image n&rsquo;est pas adapt\u00e9e, je ne pense pas que les vaches aient la peau sensible).<br \/>\nApr\u00e8s c&rsquo;est s\u00fbr qu&rsquo;en voyage les dosettes \u00e9taient pratiques, mais on pouvait pas garder les deux conditionnements (non je sais pas pourquoi, je suis pas mari\u00e9e avec le directeur de l&rsquo;usine\u00a0;-)<\/p>\n<p>Et pourquoi D.E.F.I\u00a0? Pour Dispositif Exclusif Formule Intacte.<\/p>\n<p>PS\u00a0: \u00e7a co\u00fbte 16,90 \u20ac et \u00e7a sort en septembre (et il y aura aussi un lait nettoyant, avec, lui, seulement 6 ingr\u00e9dients), mille excuses pour vous faire saliver \u00e0 l&rsquo;avance, d&rsquo;ici l\u00e0 finissez tranquillement vos dosettes\u00a0;-)<\/p>\n","protected":false},"excerpt":{"rendered":"<p>Or donc chez Av\u00e8ne ils ont invent\u00e9 un moyen d&rsquo;avoir la cr\u00e8me Tol\u00e9rance Extr\u00eame dans un tube normal \u00e0 la place des dosettes qu&rsquo;il faut jeter au bout de 3 jours (oui il faut, sinon&#8230;<br \/> <a class=\"read-more\" href=\"https:\/\/www.monblogdefille.com\/blog\/tolerance-extreme-avene-le-defi\/\">Lire la suite \u00bb<\/a><\/p>\n","protected":false},"author":3,"featured_media":128262,"comment_status":"open","ping_status":"open","sticky":false,"template":"","format":"standard","meta":{"footnotes":""},"categories":[1489],"tags":[19995],"class_list":["post-128261","post","type-post","status-publish","format-standard","has-post-thumbnail","hentry","category-le-soin","tag-avene"],"_links":{"self":[{"href":"https:\/\/www.monblogdefille.com\/blog\/wp-json\/wp\/v2\/posts\/128261","targetHints":{"allow":["GET"]}}],"collection":[{"href":"https:\/\/www.monblogdefille.com\/blog\/wp-json\/wp\/v2\/posts"}],"about":[{"href":"https:\/\/www.monblogdefille.com\/blog\/wp-json\/wp\/v2\/types\/post"}],"author":[{"embeddable":true,"href":"https:\/\/www.monblogdefille.com\/blog\/wp-json\/wp\/v2\/users\/3"}],"replies":[{"embeddable":true,"href":"https:\/\/www.monblogdefille.com\/blog\/wp-json\/wp\/v2\/comments?post=128261"}],"version-history":[{"count":0,"href":"https:\/\/www.monblogdefille.com\/blog\/wp-json\/wp\/v2\/posts\/128261\/revisions"}],"wp:featuredmedia":[{"embeddable":true,"href":"https:\/\/www.monblogdefille.com\/blog\/wp-json\/wp\/v2\/media\/128262"}],"wp:attachment":[{"href":"https:\/\/www.monblogdefille.com\/blog\/wp-json\/wp\/v2\/media?parent=128261"}],"wp:term":[{"taxonomy":"category","embeddable":true,"href":"https:\/\/www.monblogdefille.com\/blog\/wp-json\/wp\/v2\/categories?post=128261"},{"taxonomy":"post_tag","embeddable":true,"href":"https:\/\/www.monblogdefille.com\/blog\/wp-json\/wp\/v2\/tags?post=128261"}],"curies":[{"name":"wp","href":"https:\/\/api.w.org\/{rel}","templated":true}]}}