{"id":128126,"date":"2009-07-03T08:22:23","date_gmt":"2009-07-03T06:22:23","guid":{"rendered":"http:\/\/www.monblogdefille.com\/blog\/?p=128126"},"modified":"2009-07-05T00:45:06","modified_gmt":"2009-07-04T22:45:06","slug":"les-yeux-de-kermaria","status":"publish","type":"post","link":"https:\/\/www.monblogdefille.com\/blog\/les-yeux-de-kermaria\/","title":{"rendered":"Les yeux de kermaria"},"content":{"rendered":"<p>\u00ab\u00a01) yeux natures<\/p>\n<p>Kermaria, 37 ans (a\u00efe bient\u00f4t 40 !). Je suis passionn\u00e9e de maquillages et cr\u00e8\u00e8\u00e8\u00e8mes en tout genre et mordue depuis que je lis ton blog ! Bon je suis pas l\u00e0 pour raconter ma vie mais celle de mes yeux.<\/p>\n<p><img loading=\"lazy\" decoding=\"async\" class=\"alignnone size-full wp-image-128127\" title=\"kermaria-1\" src=\"http:\/\/www.monblogdefille.com\/blog\/wp-content\/uploads\/2009\/07\/kermaria-1.jpg\" alt=\"kermaria-1\" width=\"500\" height=\"153\" \/><\/p>\n<p>Alors, yeux kakis ? Enfin je pense&#8230; Je trouve que j&rsquo;ai le regard\u00a0 triste ! Les yeux petits; et des poches\u00a0 (surtout au r\u00e9veil). Et ces sourcils avec un magnifique \u00e9pis (et en prime en ce moment un superbe bouton).<br \/>\nSur la photo, je ne porte que le fond de teint color clone n\u00b013.<\/p>\n<p>2) maquillage bleu<br \/>\nCa n&rsquo;est pas ma couleur de pr\u00e9dilection mais j&rsquo;ai voulu tenter. Je trouve que c&rsquo;est un peu terne.<br \/>\nJ&rsquo;ai mis un bleu canard Dior en outer V (c&rsquo;est comme \u00e7\u00e0 qu&rsquo;on dit ?) et un bleu ciel iris\u00e9 pour estomper (J&rsquo;adore les FAP iris\u00e9s). Un blanc cr\u00e8me sous l&rsquo;arcade sourcili\u00e8re toujours Dior. Je ne suis pas fan de leurs FAP (je pr\u00e9f\u00e8re MAC ou MUFE mais j&rsquo;attends des conseils pour investir).<br \/>\nEn mascara, l&rsquo;excellent smoky lash de MUFE (celui l\u00e0 je ne suis pas pr\u00eate de le l\u00e2cher merci H\u00e9l\u00e8ne).<\/p>\n<p><img loading=\"lazy\" decoding=\"async\" class=\"alignnone size-full wp-image-128129\" title=\"kermaria-yeux-bleus-ouverts\" src=\"http:\/\/www.monblogdefille.com\/blog\/wp-content\/uploads\/2009\/07\/kermaria-yeux-bleus-ouverts.jpg\" alt=\"kermaria-yeux-bleus-ouverts\" width=\"500\" height=\"160\" \/><\/p>\n<p><img loading=\"lazy\" decoding=\"async\" class=\"alignnone size-full wp-image-128128\" title=\"kermaria-2\" src=\"http:\/\/www.monblogdefille.com\/blog\/wp-content\/uploads\/2009\/07\/kermaria-2.jpg\" alt=\"kermaria-2\" width=\"500\" height=\"168\" \/><\/p>\n<p>3) maquillage marron et or<br \/>\nDernier essai; des couleurs conseill\u00e9es par une maquilleuse MAC (il y a 3 ans).<br \/>\nUn duo marron satin\u00e9 et or. Je pr\u00e9f\u00e8re au bleu mais je ne suis pas super convaincue non plus. En m\u00eame temps \u00e7\u00e0 fait ressortir une pointe de dor\u00e9 des yeux.<br \/>\n<img loading=\"lazy\" decoding=\"async\" class=\"alignnone size-full wp-image-128130\" title=\"kermaria-marron-et-or1\" src=\"http:\/\/www.monblogdefille.com\/blog\/wp-content\/uploads\/2009\/07\/kermaria-marron-et-or1.jpg\" alt=\"kermaria-marron-et-or1\" width=\"500\" height=\"161\" \/><\/p>\n<p><img loading=\"lazy\" decoding=\"async\" class=\"alignnone size-full wp-image-128131\" title=\"kermaria-marron-et-or-2\" src=\"http:\/\/www.monblogdefille.com\/blog\/wp-content\/uploads\/2009\/07\/kermaria-marron-et-or-2.jpg\" alt=\"kermaria-marron-et-or-2\" width=\"500\" height=\"147\" \/><\/p>\n<p>J&rsquo;ai les pupilles en fait assez claires quand on regarde de pr\u00e8s. Je crois qu&rsquo;elles ont aussi plusieurs couleurs pas seulement kaki.<br \/>\nEn lisant r\u00e9guli\u00e8rement ton blog j&rsquo;avais pens\u00e9 aux FAP MAC Shroom, Grensmoke, Parfait Amour, Vanilla\u00a0entre autres&#8230;ainsi qu&rsquo;au petit pot H6 de Shiseido. Oh l\u00e0 l\u00e0, il va falloir que je patiente avant de craquer !<br \/>\nPS : je serais ravie d&rsquo;investir en FAP et pinceaux&#8230;\u00a0\u00bb<\/p>\n<p><span style=\"text-decoration: underline;\">J&rsquo;en dis\u00a0:<\/span><\/p>\n<p>Yep, yeux kakis, veinarde\u00a0!<\/p>\n<p>Avec tous les tons de marrons chauds et de dor\u00e9s, plus les kakis et les violets, \u00e7a va \u00eatre super beau.<br \/>\nJe ne suis pas fan du bleu des photos, je pense qu&rsquo;il est trop clair\u00a0: du coup il n&rsquo;intensifie pas ton regard comme il le devrait.<br \/>\nTon maquillage marron va mieux avec tes couleurs naturelles, \u00e0 mon sens, m\u00eame s&rsquo;il est un peu l\u00e9ger.<\/p>\n<p>Ta liste de fards me semble super, tu peux \u00e0 mon avis y ajouter le Top Hat (violet fonc\u00e9) si tu le trouves, et jette un \u0153il au Somptuous Olive, pour voir ce que \u00e7a donnerait sur toi.<br \/>\nSi tu te sens de t&rsquo;attaquer aux mats, Graphology et Fig1 devraient donner un sacr\u00e9 effet sur toi\u00a0!<br \/>\nDans les bruns, je verrais bien Go ou Mulch, avec Smut pour foncer le coin externe, en outer V ou en <a href=\"http:\/\/www.monblogdefille.com\/blog\/le-outer-lullaby\" target=\"_blank\">outer Lullaby<\/a> (un maquillage fait sur mesure pour toi, \u00e0 mon avis), \u00e0 essayer absolument en suivant toutes les indications qu&rsquo;elle donne dans sa vid\u00e9o\u00a0;-).<\/p>\n<p>D&rsquo;une mani\u00e8re g\u00e9n\u00e9rale, n&rsquo;h\u00e9site pas \u00e0 foncer un peu plus le coin externe, en remontant un peu au-dessus du pli, en amande, \u00e7a ira bien avec ta forme d&rsquo;yeux.<\/p>\n<p>C\u00f4t\u00e9 mascara, je pense que tu peux carr\u00e9ment forcer la dose\u00a0;-) Au moins 2 couches de plus en haut (toujours en insistant sur le coin externe) et une mini couche en bas, \u00e0 la racine.<\/p>\n<p>Pour un petit coup de ga\u00eet\u00e9 dans le regard, pourquoi ne pas tenter le liner paillet\u00e9\u00a0? Un beau bronze paillet\u00e9 d&rsquo;or, \u00e7a devrait \u00eatre magnifique sur tee yeux, et tu verras, c&rsquo;est \u00e9tonnant la diff\u00e9rence que \u00e7a fait\u00a0!<\/p>\n<p>Enfin, si tu as envie de donner un c\u00f4t\u00e9 un peu plus d\u00e9fini \u00e0 tes sourcils, tu peux les maquiller l\u00e9g\u00e8rement avec un fard brun moyen mat et tirant plut\u00f4t sur le gris (donc Copperplate\u00a0;-), ou un crayon dans cette cat\u00e9gorie de couleur.<\/p>\n<p>Est-ce que j&rsquo;ai fait le tour\u00a0? Qu&rsquo;en penses-tu\u00a0? Les filles\u00a0?<\/p>\n","protected":false},"excerpt":{"rendered":"<p><img loading=\"lazy\" decoding=\"async\" class=\"alignnone size-full wp-image-128178\" title=\"kermaria-200\" src=\"http:\/\/www.monblogdefille.com\/blog\/wp-content\/uploads\/2009\/07\/kermaria-200.jpg\" alt=\"kermaria-200\" width=\"200\" height=\"64\" \/><\/p>\n","protected":false},"author":3,"featured_media":128127,"comment_status":"open","ping_status":"open","sticky":false,"template":"","format":"standard","meta":{"footnotes":""},"categories":[1],"tags":[],"class_list":["post-128126","post","type-post","status-publish","format-standard","has-post-thumbnail","hentry","category-uncategorized"],"_links":{"self":[{"href":"https:\/\/www.monblogdefille.com\/blog\/wp-json\/wp\/v2\/posts\/128126","targetHints":{"allow":["GET"]}}],"collection":[{"href":"https:\/\/www.monblogdefille.com\/blog\/wp-json\/wp\/v2\/posts"}],"about":[{"href":"https:\/\/www.monblogdefille.com\/blog\/wp-json\/wp\/v2\/types\/post"}],"author":[{"embeddable":true,"href":"https:\/\/www.monblogdefille.com\/blog\/wp-json\/wp\/v2\/users\/3"}],"replies":[{"embeddable":true,"href":"https:\/\/www.monblogdefille.com\/blog\/wp-json\/wp\/v2\/comments?post=128126"}],"version-history":[{"count":0,"href":"https:\/\/www.monblogdefille.com\/blog\/wp-json\/wp\/v2\/posts\/128126\/revisions"}],"wp:featuredmedia":[{"embeddable":true,"href":"https:\/\/www.monblogdefille.com\/blog\/wp-json\/wp\/v2\/media\/128127"}],"wp:attachment":[{"href":"https:\/\/www.monblogdefille.com\/blog\/wp-json\/wp\/v2\/media?parent=128126"}],"wp:term":[{"taxonomy":"category","embeddable":true,"href":"https:\/\/www.monblogdefille.com\/blog\/wp-json\/wp\/v2\/categories?post=128126"},{"taxonomy":"post_tag","embeddable":true,"href":"https:\/\/www.monblogdefille.com\/blog\/wp-json\/wp\/v2\/tags?post=128126"}],"curies":[{"name":"wp","href":"https:\/\/api.w.org\/{rel}","templated":true}]}}