{"id":127968,"date":"2009-06-26T09:34:05","date_gmt":"2009-06-26T07:34:05","guid":{"rendered":"http:\/\/www.monblogdefille.com\/blog\/?p=127968"},"modified":"2009-06-29T09:09:36","modified_gmt":"2009-06-29T07:09:36","slug":"les-yeux-de-mar","status":"publish","type":"post","link":"https:\/\/www.monblogdefille.com\/blog\/les-yeux-de-mar\/","title":{"rendered":"Les yeux de MaR !\u00a3"},"content":{"rendered":"<p>\u00ab\u00a0Je viens te demander conseil car j&rsquo;arrive \u00e0 bout de mes capacit\u00e9s d&rsquo;innovation en mati\u00e8re de maquillage.<\/p>\n<p>Je suis bien sur pass\u00e9e par le\u00a0pas terrible :\u00a0\u00ab\u00a0crayon pastel \u00e0 l&rsquo;int\u00e9rieur de la paupi\u00e8re + mascara\u00a0\u00bb\u00a0et par le \u00ab\u00a0crayon noir \u00e0 l&rsquo;int\u00e9rieur de l&rsquo;oeil + fards pastels sur les paupi\u00e8res\u00a0\u00bb,\u00a0puis j&rsquo;ai fini par\u00a0trouver mon maquillage de tous les jours :<br \/>\nUn trait de khol sur les trois quarts de la paupi\u00e8re inf\u00e9rieure et pas mal de mascara. Pour le reste du visage, je mets un peu de fond de teint (Innocence de Chanel), un peu de poudre et du blush rose. Je maquille aussi mes l\u00e8vres, mais assez l\u00e9g\u00e8rement\u00a0: en g\u00e9n\u00e9ral un peu de rouge, de rose ou de marron\u00a0\u00e9tal\u00e9 au doigt. Je trouve le gloss un peu vulgaire :s<\/p>\n<p>Je ne mets que tr\u00e8s rarement des fards \u00e0 paupi\u00e8res car j&rsquo;ai l&rsquo;impression que le fameux \u00ab\u00a0halo\u00a0\u00bb me vieillit affreusement (j&rsquo;ai 17 ans). Quand je suis fatigu\u00e9e, ma paupi\u00e8re a tendance \u00e0 tomber, aurais tu un type de maquillage, un produit ou une technique pour \u00e9viter \u00e7a ou tout du moins l&rsquo;att\u00e9nuer ?<\/p>\n<p>De plus, je n&rsquo;arrive pas vraiment \u00e0 trouver de couleurs qui ressortent et qui ne fassent pas trop \u00ab\u00a0Tata Yoyo\u00a0\u00bb sur moi car je suis rousse (teinture). Et (oui, encore) j&rsquo;ai un peu d&rsquo;acn\u00e9, ce qui n&rsquo;arrange rien.<br \/>\nR\u00e9sultat : je n&rsquo;ose pas grand chose et je me cantonne \u00e0 un maquillage \u00ab\u00a0plut\u00f4t\u00a0\u00bb l\u00e9ger des yeux (donc, pas de smoky pour moi).<br \/>\nA vrai dire, j&rsquo;ai essay\u00e9 le smoky sur mes yeux mais j&rsquo;ai la nette impression que ce type de maquillage\u00a0les r\u00e9tr\u00e9cit beaucoup (j&rsquo;ai essay\u00e9 le gris, le marron fonc\u00e9 et le violet (voir photo)), notamment le crayon \u00e0 l&rsquo;int\u00e9rieur et \u00e0 l&rsquo;ext\u00e9rieur de l&rsquo;oeil.<\/p>\n<p>Hum, commen\u00e7ons par la fin, je suis d\u00e9sol\u00e9e, on ne voit pas vraiment la couleur de mes iris (luminosit\u00e9 pas terrible), disons que c&rsquo;est un m\u00e9lange de marron et de quelques pointes de verts (ils ont m\u00eame parfois l&rsquo;air vert :)).<\/p>\n<p>Pour ce qui est de mes sourcils, je n&rsquo;ai pas l&rsquo;impression d&rsquo;avoir grand chose \u00e0 faire, je les \u00e9pile \u00ab\u00a0plut\u00f4t\u00a0\u00bb r\u00e9guli\u00e8rement (mais est-ce la bonne forme ?) et les redessine l\u00e9g\u00e8rement au crayon marron. Ferais-tu quelque chose de plus ?<\/p>\n<p>Voicimon maquillage de tous les jours \u00e0 gauche et mon oeil d\u00e9maquill\u00e9 \u00e0 droite.<\/p>\n<p><img loading=\"lazy\" decoding=\"async\" class=\"alignnone size-full wp-image-127969\" title=\"mar-3\" src=\"http:\/\/www.monblogdefille.com\/blog\/wp-content\/uploads\/2009\/06\/mar-3.jpg\" alt=\"mar-3\" width=\"500\" height=\"217\" \/><\/p>\n<p>Toujours le maquillage de tous les jours et \u00e0 droite, mon maquillage pour sortir (que je fais de temps en temps).<\/p>\n<p><img loading=\"lazy\" decoding=\"async\" class=\"alignnone size-full wp-image-127970\" title=\"mar-4\" src=\"http:\/\/www.monblogdefille.com\/blog\/wp-content\/uploads\/2009\/06\/mar-4.jpg\" alt=\"mar-4\" width=\"500\" height=\"205\" \/><\/p>\n<p>Puis le fameux smoky violet (un peu too much non ?).<\/p>\n<p><img loading=\"lazy\" decoding=\"async\" class=\"alignnone size-full wp-image-127971\" title=\"mar-2\" src=\"http:\/\/www.monblogdefille.com\/blog\/wp-content\/uploads\/2009\/06\/mar-2.jpg\" alt=\"mar-2\" width=\"500\" height=\"135\" \/><\/p>\n<p>J&rsquo;ai \u00e9galement ajout\u00e9 une photo pour te montrer la couleur de mes cheveux.<\/p>\n<p><img loading=\"lazy\" decoding=\"async\" class=\"alignnone size-full wp-image-127972\" title=\"mar-1\" src=\"http:\/\/www.monblogdefille.com\/blog\/wp-content\/uploads\/2009\/06\/mar-1.jpg\" alt=\"mar-1\" width=\"500\" height=\"198\" \/><\/p>\n<p>Je pense t&rsquo;avoir fait part de tout :)<br \/>\nD\u00e9sol\u00e9e pour la loooongueur du mail et merci d&rsquo;avance pour tes conseils.\u00a0\u00bb<\/p>\n<p><span style=\"text-decoration: underline;\">J&rsquo;en dis\u00a0:<\/span><\/p>\n<p>Tu as des couleurs naturelles (peau, yeux, cheveux) assez extraordinaires, il y a de quoi faire de belles choses, avec tout \u00e7a\u00a0!<\/p>\n<p>La premi\u00e8re chose qui me frappe, imm\u00e9diatement, c&rsquo;est que, \u00e0 mon go\u00fbt, tu charges trop la paupi\u00e8re inf\u00e9rieure par rapport \u00e0 la paupi\u00e8re sup\u00e9rieure\u00a0: je trouve que \u00e7a alourdit ton regard, ce qui est super dommage parce que ton \u0153il sans aucun maquillage est juste \u00e0 tomber par terre\u00a0;-)<br \/>\nJe pense que \u00e7a vient du kh\u00f4l dans l&rsquo;\u0153il et de la fa\u00e7on dont tu l&rsquo;utilises\u00a0: c&rsquo;est rarement tr\u00e8s heureux sur un maquillage l\u00e9ger (sur des yeux d&rsquo;occidentale, en tout cas).<br \/>\nPour moi il faudrait, si tu veux continuer \u00e0 en mettre autant en bas, que tu en mettes trois fois plus en haut\u00a0;-) Et en remontant plus au dessus du pli, si possible.<\/p>\n<p>Cela dit, sur la photo o\u00f9 tes cheveux sont plus fonc\u00e9s (la 4\u00e8me, qui est magnifique, d&rsquo;ailleurs), je trouve que ce noir au ras des cils intensifie tr\u00e8s joliment ton \u0153il. Donc \u00e7a doit pouvoir se faire, mais en en mettant sur toute la longueur, et en intensifiant aussi pas mal la ligne des cils en haut (beaucoup de mascara, un peu de noir entre les cils du haut, \u00e0 voir&#8230;)<\/p>\n<p>C\u00f4t\u00e9 technique, je te conseille \u00e0 mort le <a href=\"http:\/\/www.monblogdefille.com\/blog\/le-outer-lullaby\" target=\"_blank\">outer Lullaby<\/a>, qui va ouvrir l&rsquo;\u0153il et le remonter l\u00e9g\u00e8rement, tout en gardant le c\u00f4t\u00e9 l\u00e9ger que tu aimes (et tu as raison, \u00e0 17 ans\u00a0;-). Et sans kh\u00f4l dans l&rsquo;\u0153il, donc\u00a0;-)<\/p>\n<p>C\u00f4t\u00e9 couleurs, comme tes yeux tirent sur le kaki, et pour rester dans du soft, je te conseille tout b\u00eatement le kaki ou le brun mordor\u00e9 (donc chez MAC\u00a0: Greensmoke et Tempting, avec le Smut en plus si tu veux accentuer les ras de cils ou le coin externe).<\/p>\n<p>Je suis d&rsquo;accord, le violet de la photo n&rsquo;est pas top sur toi, mais je pense que c&rsquo;est parce qu&rsquo;il n&rsquo;est pas violet mais mauve\u00a0;-)<br \/>\nIl faudrait voir ce que donne un vrai violet type Duo Smoky Madagascar de Cargo&#8230;<\/p>\n<p>Et si tu ne \u00ab\u00a0sens\u00a0\u00bb pas le smoky, ne te force pas, on peut tr\u00e8s bien vivre sans\u00a0;-)<\/p>\n<p>Tes sourcils me semblent absolument parfaits, ne change rien\u00a0!<\/p>\n<p>Qu&rsquo;en dis-tu\u00a0? Les filles\u00a0?<\/p>\n","protected":false},"excerpt":{"rendered":"<p><img loading=\"lazy\" decoding=\"async\" class=\"alignnone size-full wp-image-128065\" title=\"mar-200\" src=\"http:\/\/www.monblogdefille.com\/blog\/wp-content\/uploads\/2009\/06\/mar-200.jpg\" alt=\"mar-200\" width=\"200\" height=\"79\" \/><\/p>\n","protected":false},"author":3,"featured_media":127969,"comment_status":"open","ping_status":"open","sticky":false,"template":"","format":"standard","meta":{"footnotes":""},"categories":[1],"tags":[],"class_list":["post-127968","post","type-post","status-publish","format-standard","has-post-thumbnail","hentry","category-uncategorized"],"_links":{"self":[{"href":"https:\/\/www.monblogdefille.com\/blog\/wp-json\/wp\/v2\/posts\/127968","targetHints":{"allow":["GET"]}}],"collection":[{"href":"https:\/\/www.monblogdefille.com\/blog\/wp-json\/wp\/v2\/posts"}],"about":[{"href":"https:\/\/www.monblogdefille.com\/blog\/wp-json\/wp\/v2\/types\/post"}],"author":[{"embeddable":true,"href":"https:\/\/www.monblogdefille.com\/blog\/wp-json\/wp\/v2\/users\/3"}],"replies":[{"embeddable":true,"href":"https:\/\/www.monblogdefille.com\/blog\/wp-json\/wp\/v2\/comments?post=127968"}],"version-history":[{"count":0,"href":"https:\/\/www.monblogdefille.com\/blog\/wp-json\/wp\/v2\/posts\/127968\/revisions"}],"wp:featuredmedia":[{"embeddable":true,"href":"https:\/\/www.monblogdefille.com\/blog\/wp-json\/wp\/v2\/media\/127969"}],"wp:attachment":[{"href":"https:\/\/www.monblogdefille.com\/blog\/wp-json\/wp\/v2\/media?parent=127968"}],"wp:term":[{"taxonomy":"category","embeddable":true,"href":"https:\/\/www.monblogdefille.com\/blog\/wp-json\/wp\/v2\/categories?post=127968"},{"taxonomy":"post_tag","embeddable":true,"href":"https:\/\/www.monblogdefille.com\/blog\/wp-json\/wp\/v2\/tags?post=127968"}],"curies":[{"name":"wp","href":"https:\/\/api.w.org\/{rel}","templated":true}]}}