{"id":127829,"date":"2009-06-10T07:59:39","date_gmt":"2009-06-10T05:59:39","guid":{"rendered":"http:\/\/www.monblogdefille.com\/blog\/?p=127829"},"modified":"2009-06-13T09:18:05","modified_gmt":"2009-06-13T07:18:05","slug":"la-confiance-en-soi-un-combat-de-tous-les-jours-par-virginie-quebec","status":"publish","type":"post","link":"https:\/\/www.monblogdefille.com\/blog\/la-confiance-en-soi-un-combat-de-tous-les-jours-par-virginie-quebec\/","title":{"rendered":"La confiance en soi, un combat de tous les jours !, par Virginie &#8211; Qu\u00e9bec"},"content":{"rendered":"<p class=\"MsoNormal\"><img loading=\"lazy\" decoding=\"async\" class=\"alignnone size-full wp-image-123973\" title=\"tanjore_ecolieres\" src=\"http:\/\/www.monblogdefille.com\/blog\/wp-content\/uploads\/2008\/03\/tanjore_ecolieres.jpg\" alt=\"\" width=\"250\" height=\"188\" align=\"left\" \/>\u00ab Jugez-vous les autres ?  S\u00fbrement, souvent m\u00eame sans vous en rendre compte.  \u00c7a fait parti de la grande majorit\u00e9 des gens.<\/p>\n<p>Le jugement des autres peut-\u00eatre cruel. Vous allez me dire que c\u2019est la vie que tout le monde finit par \u00eatre jug\u00e9 un jour ou un autre, par un ami, un parent, un proche ou un inconnu.  Ce texte est loin d\u2019\u00eatre pour me plaindre, peut-\u00eatre plus pour aider, peut-\u00eatre juste pour parler.<\/p>\n<p>Je ne suis pas petite, 1,77 m, j\u2019ai assez d\u2019\u00e9paule pour impressionner un gars, j\u2019ai des biceps m\u00eame si je ne fais pas de sport.  J\u2019ai la carrure et la musculature d\u2019une athl\u00e8te, sans ne faire grand-chose, c\u2019est positif et n\u00e9gatif en m\u00eame temps.  J\u2019ai v\u00e9cu les commentaires, les difficult\u00e9s, les enfants et les adolescents peuvent tellement \u00eatre blessants.<\/p>\n<p>Par contre, avec cela venait aucune confiance en moi et dans l\u2019esprit des gens, j\u2019avais  une immense confiance en moi, d\u00fb ma stature.  \u00c0 l\u2019adolescence, j\u2019ai dout\u00e9 de moi \u00e0 chaque jour, je bouchais mes oreilles quand quelqu\u2019un posait une question en classe qui aurait pu me g\u00ean\u00e9e, si j\u2019avais eu \u00e0 la poser, les larmes me montaient aux yeux d\u00e8s que j\u2019\u00e9tais confront\u00e9 \u00e0 l\u2019autorit\u00e9.  Mon groupe-classe au secondaire \u00e9tait compos\u00e9 de 26 gars et de moi, pour \u00e9viter les railleries de mes confr\u00e8res, je me suis cr\u00e9\u00e9 une carapace presque incassable.  Tout le monde me croyait forte, mais \u00e0 l\u2019int\u00e9rieur, j\u2019\u00e9tait toujours en morceaux, presque incapable de surmonter mes journ\u00e9e, de me faire confiance.<\/p>\n<p>J\u2019ai grandie, j\u2019ai quitt\u00e9 l\u2019adolescence, mais j\u2019avais toujours aussi peu confiance en moi.  Je trainais cela comme un poids, un fardeau.  Ma stature, que je n\u2019assumais pas vraiment faisait qu\u2019ext\u00e9rieurement j\u2019avais l\u2019air d\u2019avoir une confiance en moi in\u00e9branlable, ce qui \u00e9tait tr\u00e8s loin d\u2019\u00eatre le cas.<\/p>\n<p>\u00c0 16 ans, j\u2019ai eu mon premier vrai boulot, premi\u00e8re personne qui me faisait confiance, excluant mes parents, et j\u2019ai commenc\u00e9 \u00e0 comprendre. Pendant quelques ann\u00e9es j\u2019ai construit ma confiance en moi sur ce que pensait les autres, mais a chaque mauvais commentaire, je sombrais.  Je suis finalement all\u00e9e consulter une psychologue qui m\u2019a aid\u00e9 \u00e0 comprendre et \u00e0 gu\u00e9rir.<\/p>\n<p>Maintenant je travaille dans un coll\u00e8ge et chaque jour, je vois des jeunes adultes qui manquent de confiance, mais qui le cachent pour ne pas \u00eatre diff\u00e9rent, je voudrais tant leur dire que cette sensibilit\u00e9 n\u2019est pas mal, que la carapace qu\u2019ils se cr\u00e9ent n\u2019est pas bonne pour eux.  Ils m\u2019\u00e9coutent parfois, ils me croient encore une fois la fille forte qui a toujours eu confiance en elle.  Le physique peut tellement projeter une image fausse.<\/p>\n<p>Je suis maintenant assez bien dans ma peau, j\u2019assume ma taille, qui n\u2019est pourtant pas si gigantesque et je fonce dans la vie.  La non-confiance en moi me rattrape parfois, mais c\u2019est un combat de tous les jours de me dire que je suis capable.<\/p>\n<p>Ne cachez pas votre peur, c\u2019est en se confiant qu\u2019on d\u00e9couvre que l\u2019on est moins seul qu\u2019on le pensait!<\/p>\n<p>Mais je vais quand m\u00eame finir par la phrase d\u2019un \u00e9tudiant, un \u00e9tudiant tr\u00e8s impliqu\u00e9 \u00e0 qui j\u2019avais \u00e9crit un mot de remerciement et qui m\u2019a r\u00e9pondu un long courriel de remerciement sur l\u2019influence positive que je pouvais avoir sur les jeunes, mais \u00e0 la fin de sa r\u00e9ponse, il m\u2019a \u00e9crit :<br \/>\nN&rsquo;essaie pas d&rsquo;\u00eatre plus forte que tu l&rsquo;es!<br \/>\nIl me conna\u00eet, mais pas tant et lui venait de percer ma carapace et de me faire chaud au c\u0153ur, comme quoi, nous nous sommes, lui et moi totalement marqu\u00e9 cette ann\u00e9e en nous faisait confiance.<\/p>\n<p>Sign\u00e9 : Virginie Qu\u00e9bec \u00bb<\/p>\n","protected":false},"excerpt":{"rendered":"<p>\u00ab Jugez-vous les autres ? S\u00fbrement, souvent m\u00eame sans vous en rendre compte. \u00c7a fait parti de la grande majorit\u00e9 des gens. Le jugement des autres peut-\u00eatre cruel. Vous allez me dire que c\u2019est la&#8230;<br \/> <a class=\"read-more\" href=\"https:\/\/www.monblogdefille.com\/blog\/la-confiance-en-soi-un-combat-de-tous-les-jours-par-virginie-quebec\/\">Lire la suite \u00bb<\/a><\/p>\n","protected":false},"author":3,"featured_media":123973,"comment_status":"open","ping_status":"open","sticky":false,"template":"","format":"standard","meta":{"footnotes":""},"categories":[5377],"tags":[],"class_list":["post-127829","post","type-post","status-publish","format-standard","has-post-thumbnail","hentry","category-o-toi-lectrice"],"_links":{"self":[{"href":"https:\/\/www.monblogdefille.com\/blog\/wp-json\/wp\/v2\/posts\/127829","targetHints":{"allow":["GET"]}}],"collection":[{"href":"https:\/\/www.monblogdefille.com\/blog\/wp-json\/wp\/v2\/posts"}],"about":[{"href":"https:\/\/www.monblogdefille.com\/blog\/wp-json\/wp\/v2\/types\/post"}],"author":[{"embeddable":true,"href":"https:\/\/www.monblogdefille.com\/blog\/wp-json\/wp\/v2\/users\/3"}],"replies":[{"embeddable":true,"href":"https:\/\/www.monblogdefille.com\/blog\/wp-json\/wp\/v2\/comments?post=127829"}],"version-history":[{"count":0,"href":"https:\/\/www.monblogdefille.com\/blog\/wp-json\/wp\/v2\/posts\/127829\/revisions"}],"wp:featuredmedia":[{"embeddable":true,"href":"https:\/\/www.monblogdefille.com\/blog\/wp-json\/wp\/v2\/media\/123973"}],"wp:attachment":[{"href":"https:\/\/www.monblogdefille.com\/blog\/wp-json\/wp\/v2\/media?parent=127829"}],"wp:term":[{"taxonomy":"category","embeddable":true,"href":"https:\/\/www.monblogdefille.com\/blog\/wp-json\/wp\/v2\/categories?post=127829"},{"taxonomy":"post_tag","embeddable":true,"href":"https:\/\/www.monblogdefille.com\/blog\/wp-json\/wp\/v2\/tags?post=127829"}],"curies":[{"name":"wp","href":"https:\/\/api.w.org\/{rel}","templated":true}]}}