{"id":127760,"date":"2009-06-03T08:17:35","date_gmt":"2009-06-03T06:17:35","guid":{"rendered":"http:\/\/www.monblogdefille.com\/blog\/?p=127760"},"modified":"2009-06-06T15:56:40","modified_gmt":"2009-06-06T13:56:40","slug":"lectrice-de-mbdf-ma-soeur-ceci-n%e2%80%99est-pas-un-texte-politique-par-lisette","status":"publish","type":"post","link":"https:\/\/www.monblogdefille.com\/blog\/lectrice-de-mbdf-ma-soeur-ceci-n%e2%80%99est-pas-un-texte-politique-par-lisette\/","title":{"rendered":"Lectrice de MBDF, ma s\u0153ur, ceci n\u2019est pas un texte politique, par Lisette"},"content":{"rendered":"<p class=\"MsoNormal\"><img loading=\"lazy\" decoding=\"async\" class=\"alignnone size-full wp-image-123973\" title=\"tanjore_ecolieres\" src=\"http:\/\/www.monblogdefille.com\/blog\/wp-content\/uploads\/2008\/03\/tanjore_ecolieres.jpg\" alt=\"\" width=\"250\" height=\"188\" align=\"left\" \/>\u00ab\u00a0Il \u00e9tait une fois P\u00e2ques, et une transhumance familiale de Paris vers la Lorraine, pour s&rsquo;y retrouver, manger de l&rsquo;agneau, des flageolets, du fromage et du chocolat en buvant un bourgogne de chez Nicolas et en racontant des tas de souvenirs. Ca change de la Bretagne, il faut bien suivre les emm\u00e9nagements des uns et des autres. Va donc pour l&rsquo;Est, o\u00f9 les cloches sont des lapins.<\/p>\n<p>En passant par la Lorraine avec mes sabots (donc), on est pass\u00e9 \u00e0 c\u00f4t\u00e9 de Gravelotte.<\/p>\n<p>Normalement, ce n&rsquo;est pas le genre de nouvelle \u00e0 me faire me dresser sur mon si\u00e8ge, vois-tu, lectrice de MBDF, ma s\u0153ur.<\/p>\n<p>C&rsquo;est l\u00e0 que mon p\u00e8re a dit\u00a0: \u00ab\u00a0Il pleut comme \u00e0 Gravelotte\u00a0\u00bb.<\/p>\n<p>J&rsquo;ai \u00e9mis un petit \u00ab\u00a0hin hin koitesse\u00a0\u00bb, histoire de me sortir de mon coma et d&rsquo;avoir une explication\u00a0: ce serait en souvenir d&rsquo;une <a href=\"http:\/\/fr.wikipedia.org\/wiki\/Gravelotte\" target=\"_blank\" rel=\"noopener\">bataille de 1870<\/a> o\u00f9 les tirs avaient tellement donn\u00e9 qu&rsquo;on avait l&rsquo;impression d&rsquo;une pluie drue.<\/p>\n<p>Et d&rsquo;un coup tout m&rsquo;est revenu, on venait de passer par la Marne, et les centaines de milliers de morts en deux mois. Nous approchions de Verdun,\u00a0 et je me suis souvenue des milliers de croix blanches toutes semblables vues quand j&rsquo;\u00e9tais en troisi\u00e8me, et des trous d&rsquo;obus qui restaient dans le paysage.\u00a0 L&rsquo;ossuaire de Douaumont, dont j&rsquo;avais fait des cauchemars. La guerre quoi, lectrice de MBDF, ma s\u0153ur. La guerre pendant des si\u00e8cles sur le trajet de cette autoroute ensomeillante qui n&rsquo;existait pas encore.<\/p>\n<p>Et puis l&rsquo;Europe.<br \/>\nQuel flash.<\/p>\n<p>Apr\u00e8s m&rsquo;\u00eatre remise de mes \u00e9motions, je me suis dit que j&rsquo;allais proposer \u00e0 H\u00e9l\u00e8ne un texte, pour encourager tout le monde \u00e0 aller voter aux <a href=\"http:\/\/fr.wikipedia.org\/wiki\/%C3%89lections_europ%C3%A9ennes_de_2009\" target=\"_blank\" rel=\"noopener\">\u00e9lections europ\u00e9ennes des 6 et 7 juin<\/a>.<br \/>\nPas parce que sinon ce sera la guerre demain, non. Mais parce que c&rsquo;est une id\u00e9e qui a pris forme apr\u00e8s toutes ces guerres, et que c&rsquo;\u00e9tait la premi\u00e8re fois dans le monde que des pays se donnaient un destin commun par leur volont\u00e9 unie, et pas par les guerres. C&rsquo;\u00e9tait un truc d&rsquo;id\u00e9alistes,\u00a0 \u00e0 l&rsquo;origine, un vague projet n\u00e9 dans quelques cerveaux romantiques, et qui a \u00e9t\u00e9 finalement mis en \u0153uvre par des <a href=\"http:\/\/www.vie-publique.fr\/decouverte-institutions\/union-europeenne\/ue-citoyennete\/construction-europeenne\/qui-sont-batisseurs-europe.html\" target=\"_blank\" rel=\"noopener\">pragmatiques<\/a> qui avaient su ne pas perdre de vue leur id\u00e9al.<br \/>\nCa c&rsquo;est fait petit \u00e0 petit, aujourd&rsquo;hui on est peut-\u00eatre trop nombreux sans avoir pu ou su se doter des institutions pour faire fonctionner tout \u00e7a. Nous vivons dans un pays o\u00f9 \u00e7a fait des d\u00e9cennies que les dirigeants mettent sur le dos de Bruxelles tout ce qu&rsquo;ils ne veulent pas assumer, du coup on sait plus tr\u00e8s bien o\u00f9 est le lard et o\u00f9 est le cochon, surtout quand il tombe malade.\u00a0 Quand on nous fait voter un texte, c&rsquo;est du charabia, sur lequel tout le monde finit par s&rsquo;\u00e9triper sans trop qu&rsquo;on sache si c&rsquo;est \u00e0 cause du texte ou pour se faire remarquer.<\/p>\n<p>Et pourtant, au fond de tout \u00e7a, il y a cet espoir fou, cette utopie de la paix et de la fraternit\u00e9 au-dessus des patriotismes stupides. Ce projet insens\u00e9 qui aujourd&rsquo;hui nous para\u00eet une r\u00e9alit\u00e9 un peu ennuyeuse \u00e0 comprendre.<\/p>\n<p>Alors, lectrice de MBDF, ma s\u0153ur, que tu sois contente de l&rsquo;Europe d&rsquo;aujourd&rsquo;hui ou pas, va voter les 6 et 7 juin, ou si tu ne le peux, fais une procuration.<\/p>\n<p>J&rsquo;ajoute que c&rsquo;est le moment o\u00f9 jamais de faire entendre ta voix \u00e0 toi. Dans les autres \u00e9lections, il faut souvent penser \u00ab\u00a0vote utile\u00a0\u00bb, parce que le syst\u00e8me fait que, en fin de compte, tu te retrouves toujours \u00e0 devoir choisir entre deux camps. Quelles que soient les id\u00e9es ou les personnalit\u00e9s que tu as voulu soutenir \u00e0 l&rsquo;origine, si elles ne figurent pas au second tour, c&rsquo;est tant pis pour ce que tu pensais, les partis font des alliances auxquelles on ne comprend rien et qui visent surtout \u00e0 faire garder leur poste \u00e0 quelques cumulards ou \u00e0 assurer une carri\u00e8res \u00e0 de jeunes loups, et au bout d&rsquo;un moment, c&rsquo;est aga\u00e7ant, tout\/e citoyen\/ne qu&rsquo;on soit.<br \/>\nMais l\u00e0 non, c&rsquo;est <a href=\"http:\/\/fr.wikipedia.org\/wiki\/Scrutin_proportionnel_plurinominal\" target=\"_blank\" rel=\"noopener\">la proportionnelle<\/a>.\u00a0 Ca veut dire que ta voix compte. Du moment que la liste pour qui tu votes atteint les 5%, elle sera repr\u00e9sent\u00e9e,\u00a0 et ta voix pourra porter \u00e0 Bruxelles, un (tout petit) peu.\u00a0 Alors \u00e9coute ces voix, pour une fois qu&rsquo;on te parle de l&rsquo;Europe, fais-toi ton id\u00e9e, et transforme-la en petit papier \u00e0 glisser dans une urne. Si tu sais pas, tu peux toujours faire\u00a0<a href=\"http:\/\/www.votematch.eu\/votematches\/EUDebate\/France\/index.html\" target=\"_blank\" rel=\"noopener\">le test <\/a>!<\/p>\n<p>Nos principaux partis politiques, qui camouflent leurs d\u00e9saccords sur le sujet, ou bien transforment ces \u00e9lections en recasage g\u00e9ant des ex-qqch et futurs rien, ne prendront cette question au s\u00e9rieux que si les \u00e9lecteurs ont l&rsquo;air de s&rsquo;y int\u00e9resser aussi.<\/p>\n<p>Franchement, on annonce m\u00eame pas 60% de participation, \u00e7a me ferait mal pour Gravelotte.<\/p>\n<p>Sign\u00e9\u00a0: Lisette\u00a0\u00bb<\/p>\n","protected":false},"excerpt":{"rendered":"<p>\u00ab\u00a0Il \u00e9tait une fois P\u00e2ques, et une transhumance familiale de Paris vers la Lorraine, pour s&rsquo;y retrouver, manger de l&rsquo;agneau, des flageolets, du fromage et du chocolat en buvant un bourgogne de chez Nicolas et&#8230;<br \/> <a class=\"read-more\" href=\"https:\/\/www.monblogdefille.com\/blog\/lectrice-de-mbdf-ma-soeur-ceci-n%e2%80%99est-pas-un-texte-politique-par-lisette\/\">Lire la suite \u00bb<\/a><\/p>\n","protected":false},"author":3,"featured_media":123973,"comment_status":"open","ping_status":"open","sticky":false,"template":"","format":"standard","meta":{"footnotes":""},"categories":[5377],"tags":[],"class_list":["post-127760","post","type-post","status-publish","format-standard","has-post-thumbnail","hentry","category-o-toi-lectrice"],"_links":{"self":[{"href":"https:\/\/www.monblogdefille.com\/blog\/wp-json\/wp\/v2\/posts\/127760","targetHints":{"allow":["GET"]}}],"collection":[{"href":"https:\/\/www.monblogdefille.com\/blog\/wp-json\/wp\/v2\/posts"}],"about":[{"href":"https:\/\/www.monblogdefille.com\/blog\/wp-json\/wp\/v2\/types\/post"}],"author":[{"embeddable":true,"href":"https:\/\/www.monblogdefille.com\/blog\/wp-json\/wp\/v2\/users\/3"}],"replies":[{"embeddable":true,"href":"https:\/\/www.monblogdefille.com\/blog\/wp-json\/wp\/v2\/comments?post=127760"}],"version-history":[{"count":0,"href":"https:\/\/www.monblogdefille.com\/blog\/wp-json\/wp\/v2\/posts\/127760\/revisions"}],"wp:featuredmedia":[{"embeddable":true,"href":"https:\/\/www.monblogdefille.com\/blog\/wp-json\/wp\/v2\/media\/123973"}],"wp:attachment":[{"href":"https:\/\/www.monblogdefille.com\/blog\/wp-json\/wp\/v2\/media?parent=127760"}],"wp:term":[{"taxonomy":"category","embeddable":true,"href":"https:\/\/www.monblogdefille.com\/blog\/wp-json\/wp\/v2\/categories?post=127760"},{"taxonomy":"post_tag","embeddable":true,"href":"https:\/\/www.monblogdefille.com\/blog\/wp-json\/wp\/v2\/tags?post=127760"}],"curies":[{"name":"wp","href":"https:\/\/api.w.org\/{rel}","templated":true}]}}