{"id":127586,"date":"2009-05-13T08:46:26","date_gmt":"2009-05-13T06:46:26","guid":{"rendered":"http:\/\/www.monblogdefille.com\/blog\/?p=127586"},"modified":"2009-05-16T10:12:51","modified_gmt":"2009-05-16T08:12:51","slug":"la-chirurgie-esthetique-ne-passera-pas-par-moi-par-armalite","status":"publish","type":"post","link":"https:\/\/www.monblogdefille.com\/blog\/la-chirurgie-esthetique-ne-passera-pas-par-moi-par-armalite\/","title":{"rendered":"La chirurgie esth\u00e9tique ne passera pas par moi, par Armalite"},"content":{"rendered":"<p class=\"MsoNormal\"><img loading=\"lazy\" decoding=\"async\" class=\"alignnone size-full wp-image-123973\" title=\"tanjore_ecolieres\" src=\"http:\/\/www.monblogdefille.com\/blog\/wp-content\/uploads\/2008\/03\/tanjore_ecolieres.jpg\" alt=\"\" width=\"250\" height=\"188\" align=\"left\" \/>\u00ab\u00a0Je suis tout \u00e0 fait contre la chirurgie esth\u00e9tique. Je ne parle bien entendu pas de la chirurgie r\u00e9paratrice qui permet de rem\u00e9dier \u00e0 de vrais handicaps d\u00e9figurant, mais de toutes ces proc\u00e9dures parfaitement dispensables auxquelles certaines personnes ont recours afin d&rsquo;am\u00e9liorer leur apparence et, esp\u00e8rent-elles, leur image de soi. Or, je ne suis pas persuad\u00e9e qu&rsquo;un implant en silicone puisse regonfler une estime d\u00e9faillante, ni un coup de bistouri amputer des complexes solidement ancr\u00e9s dans la psych\u00e9. Mais enfin, chacun dispose de son corps comme il l&rsquo;entend, et m\u00eame si \u00e7a ne me para\u00eet pas judicieux, je n&rsquo;ai aucune objection \u00e0 ce que d&rsquo;autres tentent le coup &#8211; pourquoi pas? Apr\u00e8s tout, il y a effectivement des gens enchant\u00e9s par le r\u00e9sultat. Tant mieux pour eux.<\/p>\n<p>Mon opposition personnelle d\u00e9coule de plusieurs sources. D&rsquo;abord, tr\u00e8s prosa\u00efquement : je suis douillette et ne m&rsquo;imagine pas une seconde en train de m&rsquo;infliger la moindre douleur non indispensable. Ensuite : je suis parano, et j&rsquo;aurais trop peur des rat\u00e9s ou des effets secondaires n\u00e9fastes de certaines proc\u00e9dures utilis\u00e9es depuis peu, dont il me semble qu&rsquo;on ne peut pas encore mesurer les effets \u00e0 long terme. Et puis la plupart de ces interventions co\u00fbtent des milliers d&rsquo;euros, et je pr\u00e9f\u00e8re de loin investir ce genre de somme dans une de mes passions &#8211; un beau voyage, par exemple.<\/p>\n<p>Mais quand bien m\u00eame tout cela serait parfaitement indolore, s\u00fbr et rembours\u00e9 par la S\u00e9cu&#8230; <strong>Ce qui me g\u00eane dans la chirurgie esth\u00e9tique, c&rsquo;est le message qu&rsquo;elle contribue \u00e0 v\u00e9hiculer, celui d&rsquo;une soci\u00e9t\u00e9 qui n&rsquo;accorde de valeur qu&rsquo;\u00e0 la beaut\u00e9, \u00e0 la minceur et \u00e0 la jeunesse. <\/strong>Qui consid\u00e8re une femme de plus de 60 kilos comme une grosse vache, une femme de plus de 45 ans comme une vieille peau, et les deux comme \u00e9videmment incapables de susciter autre chose que du d\u00e9go\u00fbt ou de la compassion. De pauvres cr\u00e9atures qui, vraiment, devraient se prendre en main et recourir \u00e0 une lipposuccion pour retrouver une silhouette d\u00e9sirable, ou \u00e0 un lifting pour para\u00eetre quinze ans de moins.<\/p>\n<p>Cette dictature de l&rsquo;image unique me r\u00e9volte. Ces valeurs (ou absence de), encore plus. Je ne comprends pas pourquoi l&rsquo;archi-minceur est devenue un id\u00e9al alors que chaque individu poss\u00e8de un poids de forme diff\u00e9rent, ni pourquoi on privil\u00e9gie la vigueur de la jeunesse par-dessus l&rsquo;exp\u00e9rience de l&rsquo;\u00e2ge. Que l&rsquo;on veuille continuer \u00e0 pr\u00e9senter une apparence agr\u00e9able en vieillissant, je le con\u00e7ois tr\u00e8s bien &#8211; il suffit de jeter un coup d&rsquo;oeil dans ma penderie et ma mallette \u00e0 maquillage pour s&rsquo;en convaincre. Mais je revendique le droit d&rsquo;\u00eatre plus gourmande qu&rsquo;obs\u00e9d\u00e9e par ma ligne, de para\u00eetre l&rsquo;\u00e2ge que j&rsquo;ai et de me trouver quand m\u00eame jolie avec mes rides naissantes. Bien s\u00fbr que dans l&rsquo;absolu, je pr\u00e9f\u00e9rerais peser dix kilos de moins et avoir encore l&rsquo;\u00e9piderme parfaitement lisse. Mais je ne suis pas pr\u00eate \u00e0 payer le prix de ces deux choses, pas pr\u00eate \u00e0 imposer \u00e0 mon corps la violence de privations alimentaires ou d&rsquo;incisions dans ma chair.<\/p>\n<p>Du coup, vous l&rsquo;aurez compris, je suis aussi totalement oppos\u00e9e aux r\u00e9gimes :)<\/p>\n<p>Sign\u00e9\u00a0: Armalite\u00a0\u00bb<\/p>\n","protected":false},"excerpt":{"rendered":"<p>\u00ab\u00a0Je suis tout \u00e0 fait contre la chirurgie esth\u00e9tique. Je ne parle bien entendu pas de la chirurgie r\u00e9paratrice qui permet de rem\u00e9dier \u00e0 de vrais handicaps d\u00e9figurant, mais de toutes ces proc\u00e9dures parfaitement dispensables&#8230;<br \/> <a class=\"read-more\" href=\"https:\/\/www.monblogdefille.com\/blog\/la-chirurgie-esthetique-ne-passera-pas-par-moi-par-armalite\/\">Lire la suite \u00bb<\/a><\/p>\n","protected":false},"author":3,"featured_media":123973,"comment_status":"closed","ping_status":"closed","sticky":false,"template":"","format":"standard","meta":{"footnotes":""},"categories":[5377],"tags":[],"class_list":["post-127586","post","type-post","status-publish","format-standard","has-post-thumbnail","hentry","category-o-toi-lectrice"],"_links":{"self":[{"href":"https:\/\/www.monblogdefille.com\/blog\/wp-json\/wp\/v2\/posts\/127586","targetHints":{"allow":["GET"]}}],"collection":[{"href":"https:\/\/www.monblogdefille.com\/blog\/wp-json\/wp\/v2\/posts"}],"about":[{"href":"https:\/\/www.monblogdefille.com\/blog\/wp-json\/wp\/v2\/types\/post"}],"author":[{"embeddable":true,"href":"https:\/\/www.monblogdefille.com\/blog\/wp-json\/wp\/v2\/users\/3"}],"replies":[{"embeddable":true,"href":"https:\/\/www.monblogdefille.com\/blog\/wp-json\/wp\/v2\/comments?post=127586"}],"version-history":[{"count":0,"href":"https:\/\/www.monblogdefille.com\/blog\/wp-json\/wp\/v2\/posts\/127586\/revisions"}],"wp:featuredmedia":[{"embeddable":true,"href":"https:\/\/www.monblogdefille.com\/blog\/wp-json\/wp\/v2\/media\/123973"}],"wp:attachment":[{"href":"https:\/\/www.monblogdefille.com\/blog\/wp-json\/wp\/v2\/media?parent=127586"}],"wp:term":[{"taxonomy":"category","embeddable":true,"href":"https:\/\/www.monblogdefille.com\/blog\/wp-json\/wp\/v2\/categories?post=127586"},{"taxonomy":"post_tag","embeddable":true,"href":"https:\/\/www.monblogdefille.com\/blog\/wp-json\/wp\/v2\/tags?post=127586"}],"curies":[{"name":"wp","href":"https:\/\/api.w.org\/{rel}","templated":true}]}}