{"id":127522,"date":"2009-05-06T08:12:42","date_gmt":"2009-05-06T06:12:42","guid":{"rendered":"http:\/\/www.monblogdefille.com\/blog\/?p=127522"},"modified":"2009-05-09T10:52:06","modified_gmt":"2009-05-09T08:52:06","slug":"le-premier-amour-on-s%e2%80%99aime-pour-toujours%e2%80%a6-par-soleada","status":"publish","type":"post","link":"https:\/\/www.monblogdefille.com\/blog\/le-premier-amour-on-s%e2%80%99aime-pour-toujours%e2%80%a6-par-soleada\/","title":{"rendered":"Le premier amour, on s\u2019aime pour toujours\u2026, par Soleada"},"content":{"rendered":"<p class=\"MsoNormal\"><img loading=\"lazy\" decoding=\"async\" class=\"alignnone size-full wp-image-123973\" title=\"tanjore_ecolieres\" src=\"http:\/\/www.monblogdefille.com\/blog\/wp-content\/uploads\/2008\/03\/tanjore_ecolieres.jpg\" alt=\"\" width=\"250\" height=\"188\" align=\"left\" \/>\u00ab\u00a0Il y a 4 ans, j&rsquo;ai rencontr\u00e9 celui qui a fait battre mon c\u0153ur pour la premi\u00e8re fois. Il \u00e9tait formidable, doux, joyeux, unique parmi tous, et personne ne pouvait\u00a0 comprendre \u00e7a. On s&rsquo;est dit je t&rsquo;aime d\u00e8s les premiers jours, cela semblait comme une \u00e9vidence, c&rsquo;\u00e9tait d&rsquo;un romantisme fou, je ne mangeais plus et je pensais avoir trouv\u00e9 l&rsquo;amour de ma vie. Ma vie \u00e9tait toute trac\u00e9e et je crois bien que \u00e7a m&rsquo;arrangeait, moi la petite adolescente de 16 ans, je trouvais quelqu&rsquo;un qui m&rsquo;aimait inconditionnellement.<\/p>\n<p>Puis le conte de f\u00e9es s&rsquo;est effrit\u00e9, on a tous les deux chang\u00e9, le Prince s&rsquo;est \u00e9loign\u00e9 de la Princesse, et finalement la Princesse \u00e7a l&rsquo;arrangeait bien. Ce conte de f\u00e9e a tout de m\u00eame dur\u00e9 4 ans, ils y croyaient \u00e0 leur r\u00eave, malgr\u00e9 les trahisons, l&rsquo;absence et l&rsquo;\u00e9go\u00efsme. La princesse elle en avait lu beaucoup des histoires d&rsquo;amour et elles \u00a0se finissaient toujours bien.<\/p>\n<p>Aujourd&rsquo;hui, la Princesse a \u00a0ouvert les yeux, notre histoire est finie depuis quelques mois, et s\u00fbrement m\u00eame qu&rsquo;elle l&rsquo;\u00e9tait depuis un moment. J&rsquo;ai v\u00e9cu mon premier chagrin d&rsquo;amour et je ne regrette rien, je me sens tellement plus forte. D\u00e9sormais je partage de doux moments avec un autre gar\u00e7on, mais cette fois appelons le Guillaume, je suis s\u00fbre qu&rsquo;il ne s&rsquo;en vexera pas.<\/p>\n<p>Cette histoire doit vous rappeler des souvenirs, n&rsquo;est-ce pas\u00a0? Un jour mon docteur m&rsquo;a dit que le premier amour se terminait toujours, c&rsquo;\u00e9tait comme perdre une dent, \u00e7a faisait partie de la vie.<\/p>\n<p>Sign\u00e9\u00a0: Soleada\u00a0\u00bb<\/p>\n","protected":false},"excerpt":{"rendered":"<p>\u00ab\u00a0Il y a 4 ans, j&rsquo;ai rencontr\u00e9 celui qui a fait battre mon c\u0153ur pour la premi\u00e8re fois. Il \u00e9tait formidable, doux, joyeux, unique parmi tous, et personne ne pouvait\u00a0 comprendre \u00e7a. On s&rsquo;est dit&#8230;<br \/> <a class=\"read-more\" href=\"https:\/\/www.monblogdefille.com\/blog\/le-premier-amour-on-s%e2%80%99aime-pour-toujours%e2%80%a6-par-soleada\/\">Lire la suite \u00bb<\/a><\/p>\n","protected":false},"author":3,"featured_media":123973,"comment_status":"open","ping_status":"open","sticky":false,"template":"","format":"standard","meta":{"footnotes":""},"categories":[5377],"tags":[],"class_list":["post-127522","post","type-post","status-publish","format-standard","has-post-thumbnail","hentry","category-o-toi-lectrice"],"_links":{"self":[{"href":"https:\/\/www.monblogdefille.com\/blog\/wp-json\/wp\/v2\/posts\/127522","targetHints":{"allow":["GET"]}}],"collection":[{"href":"https:\/\/www.monblogdefille.com\/blog\/wp-json\/wp\/v2\/posts"}],"about":[{"href":"https:\/\/www.monblogdefille.com\/blog\/wp-json\/wp\/v2\/types\/post"}],"author":[{"embeddable":true,"href":"https:\/\/www.monblogdefille.com\/blog\/wp-json\/wp\/v2\/users\/3"}],"replies":[{"embeddable":true,"href":"https:\/\/www.monblogdefille.com\/blog\/wp-json\/wp\/v2\/comments?post=127522"}],"version-history":[{"count":0,"href":"https:\/\/www.monblogdefille.com\/blog\/wp-json\/wp\/v2\/posts\/127522\/revisions"}],"wp:featuredmedia":[{"embeddable":true,"href":"https:\/\/www.monblogdefille.com\/blog\/wp-json\/wp\/v2\/media\/123973"}],"wp:attachment":[{"href":"https:\/\/www.monblogdefille.com\/blog\/wp-json\/wp\/v2\/media?parent=127522"}],"wp:term":[{"taxonomy":"category","embeddable":true,"href":"https:\/\/www.monblogdefille.com\/blog\/wp-json\/wp\/v2\/categories?post=127522"},{"taxonomy":"post_tag","embeddable":true,"href":"https:\/\/www.monblogdefille.com\/blog\/wp-json\/wp\/v2\/tags?post=127522"}],"curies":[{"name":"wp","href":"https:\/\/api.w.org\/{rel}","templated":true}]}}