{"id":127057,"date":"2009-03-27T12:07:24","date_gmt":"2009-03-27T11:07:24","guid":{"rendered":"http:\/\/www.monblogdefille.com\/blog\/?p=127057"},"modified":"2014-03-14T10:23:29","modified_gmt":"2014-03-14T09:23:29","slug":"les-yeux-de-sil","status":"publish","type":"post","link":"https:\/\/www.monblogdefille.com\/blog\/les-yeux-de-sil\/","title":{"rendered":"Maquillage yeux marrons &#8211; Les yeux de Sil"},"content":{"rendered":"<p><img loading=\"lazy\" decoding=\"async\" class=\"alignnone size-full wp-image-127058\" title=\"sil-1\" alt=\"sil-1\" src=\"http:\/\/www.monblogdefille.com\/blog\/wp-content\/uploads\/2009\/03\/sil-1.jpg\" width=\"500\" height=\"185\" \/><\/p>\n<p>\u00ab\u00a0J&rsquo;ai donc les yeux plut\u00f4t en amandes assez grands cependant, chocolat.<br \/>\nJ&rsquo;aime bien ce c\u00f4t\u00e9 allong\u00e9 de mes yeux et j&rsquo;aimerais le conserver, voir l&rsquo;accentuer.<br \/>\nEn revanche comme tu peux le voir sur les photos maquill\u00e9es, \u00e0 part le mascara, je trouve que mon maquillage ne se remarque pas trop.<br \/>\nJe porte l&rsquo;ombre hydro velours H12 de Shiseido, un trait de\u00a0fard \u00e0 paupi\u00e8res\u00a0gris au ras des cils inf\u00e9rieurs et sup\u00e9rieurs et du mascara (L&rsquo;oreal Telescopic).<\/p>\n<p><img loading=\"lazy\" decoding=\"async\" class=\"alignnone size-full wp-image-127059\" title=\"sil-2\" alt=\"sil-2\" src=\"http:\/\/www.monblogdefille.com\/blog\/wp-content\/uploads\/2009\/03\/sil-2.jpg\" width=\"500\" height=\"204\" \/><\/p>\n<p><img loading=\"lazy\" decoding=\"async\" class=\"alignnone size-full wp-image-127060\" title=\"sil-3\" alt=\"sil-3\" src=\"http:\/\/www.monblogdefille.com\/blog\/wp-content\/uploads\/2009\/03\/sil-3.jpg\" width=\"500\" height=\"174\" \/><\/p>\n<p><img loading=\"lazy\" decoding=\"async\" class=\"alignnone size-full wp-image-127061\" title=\"sil-4\" alt=\"sil-4\" src=\"http:\/\/www.monblogdefille.com\/blog\/wp-content\/uploads\/2009\/03\/sil-4.jpg\" width=\"345\" height=\"280\" \/><\/p>\n<p>Je n&rsquo;ai pas d&rsquo;anti-cernes ou de truc magique\u00a0pour d\u00e9gonfler les paupi\u00e8res, si tu veux m&rsquo;en conseiller un, je suis tout ou\u00efe !<\/p>\n<p>Pour mes sourcils, je suis \u00e9galement preneuse de ton avis.<br \/>\nIls sont tr\u00e8s \u00e9pil\u00e9s car normalement j&rsquo;ai ceux de mon papa, tr\u00e8s \u00e9pais et sans forme r\u00e9elle.<br \/>\nDois-je les laisser repousser un peu plus drus ?<\/p>\n<p>J&rsquo;attends tes conseils, je ne suis pas tr\u00e8s dou\u00e9e pour me maquiller mais je ferai de mon mieux. J&rsquo;ai vraiment envie de pouvoir tenter des choses nouvelles, de nouvelles couleurs&#8230;\u00a0\u00bb<\/p>\n<p><span style=\"text-decoration: underline;\">J&rsquo;en pense\u00a0:<\/span><\/p>\n<p>Mon dieu, quel regard extraordinaire\u00a0!!! Je suis subjugu\u00e9e (je d\u00e9conne pas hein). D\u00e9j\u00e0 sans maquillage c&rsquo;est sublime, \u00e7a va pas \u00eatre difficile de te maquiller joliment\u00a0!<\/p>\n<p>En revanche c&rsquo;est perturbant que tu dises tes yeux sont chocolat, parce que sur mon \u00e9cran ils apparaissent kaki. Du coup j&rsquo;ai du mal \u00e0 me \u00ab\u00a0projeter\u00a0\u00bb dans une vision d&rsquo;yeux marron, mais je vais faire de mon mieux\u00a0;-)<\/p>\n<p>Le maquillage que tu fais habituellement est tr\u00e8s joli, mais effectivement hyper discret.<\/p>\n<p>Je pense qu&rsquo;avec une banane, du genre de<a href=\"http:\/\/www.monblogdefille.com\/blog\/20090201video-banane-brune-sur-fond-dore\" target=\"_blank\"> celle-ci<\/a>, tes yeux seraient tr\u00e8s beaux et verraient accentu\u00e9 ce c\u00f4t\u00e9 en amande\u00a0; cette banane pr\u00e9cise allonge vachement le regard.<br \/>\nTu peux la faire dans les couleurs que tu veux si tes yeux sont vraiment marron, mais s&rsquo;ils sont kaki \u00e9vite le bleu qui risque de les \u00ab\u00a0\u00e9teindre\u00a0\u00bb (pardon hein, c&rsquo;est pas que je doute de ta parole, mais ils ont l&rsquo;air tellement kaki sur mon \u00e9cran\u00a0!).<\/p>\n<p>Je pense que le kaki\u00a0devrait bien t&rsquo;aller\u00a0(m\u00eame si tes yeux ne sont pas kaki\u00a0;-) : en halo avec un trait de crayon brun ou noir au ras des cils (ou pas, si tu as la flemme, mais dans ce cas ne prends pas un kaki trop clair sinon \u00e7a va te rapetisser les yeux)..<\/p>\n<p>Sinon je te sugg\u00e8re d&rsquo;essayer le violet (en halo aussi, pour commencer), \u00e7a devrait \u00eatre magnifique sur toi. S&rsquo;il est un peu clair, intensifie la ligne des cils avec un trait de crayon comme tu fais d\u00e9j\u00e0, ou un trait de liner noir, \u00e7a devrait \u00eatre tr\u00e8s tr\u00e8s beau.<\/p>\n<p>En dehors de \u00e7a je pense que les bruns chauds et mordor\u00e9s devraient faire merveille sur toi, en halo ou avec un truc plus fonc\u00e9 genre <a href=\"http:\/\/www.monblogdefille.com\/blog\/20090104video-outer-v\" target=\"_blank\">outer V<\/a> au coin externe.<\/p>\n<p>D&rsquo;une mani\u00e8re g\u00e9n\u00e9rale et quelle que soit la technique utilis\u00e9e, n&rsquo;h\u00e9site pas \u00e0 remonter tes fards au-dessus du pli de la paupi\u00e8re (surtout sur le coin externe), pour qu&rsquo;on les voie sur \u0153il ouvert. En plus \u00e7a agrandit le regard.<br \/>\nTu as des exemples de techniques adapt\u00e9es <a href=\"http:\/\/www.monblogdefille.com\/blog\/20090216le-maquillage-de-lullaby-avec-les-photos\" target=\"_blank\">ici <\/a>et <a href=\"http:\/\/www.monblogdefille.com\/blog\/20090315outer-fluffy-banana-ou-le-maquillage-de-lullaby\" target=\"_blank\">ici <\/a>;-)<\/p>\n<p>Tes paupi\u00e8res ne me semblent absolument pas gonfl\u00e9es, je pense que tu fais allusion au petit volume sous la paupi\u00e8re inf\u00e9rieure\u00a0? On dirait bien que c&rsquo;est le globe oculaire qui fait \u00e7a, non\u00a0? Dans ce cas, seule l&rsquo;application d&rsquo;un fard fonc\u00e9 \u00e0 cet endroit peut corriger le truc\u00a0;-)<\/p>\n<p>Sinon j&rsquo;aime bien tes sourcils, ils sont l\u00e9gers et vont avec ton visage fin et d\u00e9licat (que j&rsquo;ai vu en entier, donc\u00a0;-) Tu peux les laisser repousser si \u00e7a te fit plaisir, mais situ as la flemme, ils sont tr\u00e8s bien tels quels.<\/p>\n<p>Avec ton mascara, insiste plus sur les cils du coin externe, \u00e7a aussi \u00e7a fait l&rsquo;oeil en amande ;-)<\/p>\n<p>Par contre, attention \u00e0 ton fond de teint, il me semble un peu trop fonc\u00e9 trop rose pour toi (sur la photo en question, en tout cas).<\/p>\n","protected":false},"excerpt":{"rendered":"<p><img loading=\"lazy\" decoding=\"async\" class=\"alignnone size-full wp-image-127074\" title=\"sil-200\" src=\"http:\/\/www.monblogdefille.com\/blog\/wp-content\/uploads\/2009\/03\/sil-200.jpg\" alt=\"sil-200\" width=\"200\" height=\"82\" \/><\/p>\n","protected":false},"author":3,"featured_media":127058,"comment_status":"open","ping_status":"open","sticky":false,"template":"","format":"standard","meta":{"footnotes":""},"categories":[1],"tags":[],"class_list":["post-127057","post","type-post","status-publish","format-standard","has-post-thumbnail","hentry","category-uncategorized"],"_links":{"self":[{"href":"https:\/\/www.monblogdefille.com\/blog\/wp-json\/wp\/v2\/posts\/127057","targetHints":{"allow":["GET"]}}],"collection":[{"href":"https:\/\/www.monblogdefille.com\/blog\/wp-json\/wp\/v2\/posts"}],"about":[{"href":"https:\/\/www.monblogdefille.com\/blog\/wp-json\/wp\/v2\/types\/post"}],"author":[{"embeddable":true,"href":"https:\/\/www.monblogdefille.com\/blog\/wp-json\/wp\/v2\/users\/3"}],"replies":[{"embeddable":true,"href":"https:\/\/www.monblogdefille.com\/blog\/wp-json\/wp\/v2\/comments?post=127057"}],"version-history":[{"count":0,"href":"https:\/\/www.monblogdefille.com\/blog\/wp-json\/wp\/v2\/posts\/127057\/revisions"}],"wp:featuredmedia":[{"embeddable":true,"href":"https:\/\/www.monblogdefille.com\/blog\/wp-json\/wp\/v2\/media\/127058"}],"wp:attachment":[{"href":"https:\/\/www.monblogdefille.com\/blog\/wp-json\/wp\/v2\/media?parent=127057"}],"wp:term":[{"taxonomy":"category","embeddable":true,"href":"https:\/\/www.monblogdefille.com\/blog\/wp-json\/wp\/v2\/categories?post=127057"},{"taxonomy":"post_tag","embeddable":true,"href":"https:\/\/www.monblogdefille.com\/blog\/wp-json\/wp\/v2\/tags?post=127057"}],"curies":[{"name":"wp","href":"https:\/\/api.w.org\/{rel}","templated":true}]}}