{"id":126966,"date":"2009-03-19T09:12:14","date_gmt":"2009-03-19T08:12:14","guid":{"rendered":"http:\/\/www.monblogdefille.com\/blog\/?p=126966"},"modified":"2011-01-04T18:03:38","modified_gmt":"2011-01-04T17:03:38","slug":"cheveux-lyonnais-pour-koschka","status":"publish","type":"post","link":"https:\/\/www.monblogdefille.com\/blog\/cheveux-lyonnais-pour-koschka\/","title":{"rendered":"Cheveux lyonnais pour Koschka"},"content":{"rendered":"<p>\u00ab\u00a0Bonjour les filles!!<\/p>\n<p>Je suis nouvellement arriv\u00e9e \u00e0 Lyon (OK, depuis septembre, c&rsquo;est nouveau non ?) et je voudrais en profiter pour faire quelque chose d&rsquo;in\u00e9dit : une couleur sur mes doux cheveux ch\u00e2tains ! Et comme c&rsquo;est tr\u00e8\u00e8\u00e8\u00e8\u00e8s in\u00e9dit, et que je suis une toqu\u00e9e du tif, je veux pas mettre ma t\u00eate dans n&rsquo;importe quelles mains !<\/p>\n<p>Je cherche donc un(e) coloriste qui soit parfait(e) (rien que \u00e7a !!), et qui en plus puisse me conseiller sur le choix de ma couleur, sans faire entrer en compte les d\u00e9lires de la mode mais plut\u00f4t mon teint et ma nature de cheveux&#8230; Si en plus, c&rsquo;\u00e9tait pas cher (ou m\u00eame donn\u00e9), je r\u00e2lerai pas (je suis \u00e9tudiante version pas riche&#8230;), mais je pr\u00e9f\u00e8re mettre le prix que me retrouver avec les cheveux verts ou oranges (m\u00eame si j&rsquo;adore ces couleurs, mais pas sur un cr\u00e2ne&#8230;)<\/p>\n<p>Bref, la perle que tout le monde cherche, je la cherche aussi !<\/p>\n<p>Pour plus de pr\u00e9cisions, j&rsquo;ai les cheveux donc ch\u00e2tain, souples, plut\u00f4t \u00e9pais et super sympas, c&rsquo;est-\u00e0-dire qu&rsquo;il y en a beaucoup et qu&rsquo;ils ne sont ni secs ni gras, ils ne tombent pas particuli\u00e8rement, ils sont en bonne sant\u00e9 quoi! Je voudrais passer vers le blond (oui je sais c&rsquo;est vu, vu et revu, mais il faut tenter des nouveaut\u00e9s dans la la\u00effe), selon l&rsquo;avis du coloriste (et mon humeur du moment) d&rsquo;un seul coup ou en passant par des couleurs interm\u00e9diaires. J&rsquo;ai le teint \u00ab\u00a0dor\u00e9\u00a0\u00bb selon C\u00e9drino, \u00ab\u00a0jaunasse\u00a0\u00bb selon moi, et des yeux bleus\/gris&#8230; J&rsquo;ai du mal \u00e0 d\u00e9cider si je suis claire ou mate, aussi !!<\/p>\n<p>Merci pour votre aide qui me permettra de cramer mes pauvres cheveux qui ne m&rsquo;ont rien fait !!<\/p>\n<p>Sign\u00e9: Koschka\u00a0\u00bb<\/p>\n","protected":false},"excerpt":{"rendered":"<p><img loading=\"lazy\" decoding=\"async\" class=\"alignnone size-full wp-image-123889\" title=\"wanted3\" src=\"http:\/\/www.monblogdefille.com\/blog\/wp-content\/uploads\/2008\/03\/wanted3.jpg\" alt=\"wanted3\" width=\"166\" height=\"200\" \/><\/p>\n","protected":false},"author":3,"featured_media":0,"comment_status":"open","ping_status":"open","sticky":false,"template":"","format":"standard","meta":{"footnotes":""},"categories":[20009,20095,1502],"tags":[19946],"class_list":["post-126966","post","type-post","status-publish","format-standard","hentry","category-beaute","category-les-cheveux","category-wanted","tag-cheveux"],"_links":{"self":[{"href":"https:\/\/www.monblogdefille.com\/blog\/wp-json\/wp\/v2\/posts\/126966","targetHints":{"allow":["GET"]}}],"collection":[{"href":"https:\/\/www.monblogdefille.com\/blog\/wp-json\/wp\/v2\/posts"}],"about":[{"href":"https:\/\/www.monblogdefille.com\/blog\/wp-json\/wp\/v2\/types\/post"}],"author":[{"embeddable":true,"href":"https:\/\/www.monblogdefille.com\/blog\/wp-json\/wp\/v2\/users\/3"}],"replies":[{"embeddable":true,"href":"https:\/\/www.monblogdefille.com\/blog\/wp-json\/wp\/v2\/comments?post=126966"}],"version-history":[{"count":0,"href":"https:\/\/www.monblogdefille.com\/blog\/wp-json\/wp\/v2\/posts\/126966\/revisions"}],"wp:attachment":[{"href":"https:\/\/www.monblogdefille.com\/blog\/wp-json\/wp\/v2\/media?parent=126966"}],"wp:term":[{"taxonomy":"category","embeddable":true,"href":"https:\/\/www.monblogdefille.com\/blog\/wp-json\/wp\/v2\/categories?post=126966"},{"taxonomy":"post_tag","embeddable":true,"href":"https:\/\/www.monblogdefille.com\/blog\/wp-json\/wp\/v2\/tags?post=126966"}],"curies":[{"name":"wp","href":"https:\/\/api.w.org\/{rel}","templated":true}]}}