{"id":126951,"date":"2009-03-18T07:49:56","date_gmt":"2009-03-18T06:49:56","guid":{"rendered":"http:\/\/www.monblogdefille.com\/blog\/?p=126951"},"modified":"2009-03-21T20:17:50","modified_gmt":"2009-03-21T19:17:50","slug":"ma-mere-cette-heroine%e2%80%a6-par-scotchette","status":"publish","type":"post","link":"https:\/\/www.monblogdefille.com\/blog\/ma-mere-cette-heroine%e2%80%a6-par-scotchette\/","title":{"rendered":"Ma m\u00e8re, cette h\u00e9ro\u00efne\u2026 par Scotchette"},"content":{"rendered":"<p class=\"MsoNormal\"><img loading=\"lazy\" decoding=\"async\" class=\"alignnone size-full wp-image-123973\" title=\"tanjore_ecolieres\" src=\"http:\/\/www.monblogdefille.com\/blog\/wp-content\/uploads\/2008\/03\/tanjore_ecolieres.jpg\" alt=\"\" width=\"250\" height=\"188\" align=\"left\" \/>\u00ab\u00a0Ma m\u00e8re a longtemps \u00e9t\u00e9 une femme \u00ab\u00a0ordinaire\u00a0\u00bb. Institutrice dans un petit village, ses plaisirs \u00e9taient simples, s&rsquo;occuper de mon grand fr\u00e8re et de moi, faire du basket, voir des amis. Mon p\u00e8re, lui \u00e9tait souvent absent, commercial puis chef d&rsquo;entreprise, il parcourait la France, voyageait souvent \u00e0 l&rsquo;\u00e9tranger, et ses loisirs \u00e9taient incompatibles avec ma m\u00e8re, la moto elle en avait peur, l&rsquo;avion la terrifiait, le bateau&#8230;elle n&rsquo;avait pas le pied marin. Mon p\u00e8re \u00e9tait mon h\u00e9ros \u00e0 moi, j&rsquo;\u00e9tais une vraie fille \u00e0 papa, j&rsquo;adorais tout ce qu&rsquo;il faisait, j&rsquo;adorais nos discussions, l&rsquo;homme fort et autodidacte, \u00e0 c\u00f4t\u00e9, ma m\u00e8re me semblait un peu fade et trop d\u00e9vou\u00e9e.<\/p>\n<p><!--more-->Et puis, il y a 9 ans, je me pr\u00e9parais \u00e0 sortir avec des amis, je pr\u00e9f\u00e9rais faire la f\u00eate plut\u00f4t que faire une \u00e9ni\u00e8me ballade en moto avec mon papa. En passant par la maison, ma m\u00e8re \u00e9tait l\u00e0 avec ses meilleurs amis\u00a0; mon p\u00e8re \u00e9tait \u00e0 l&rsquo;h\u00f4pital, il s&rsquo;\u00e9tait fait percut\u00e9 par une voiture, il fallait faire vite. \u00a0L&rsquo;attente a bien s\u00fbr \u00e9t\u00e9 longue et insupportable, et le bilan est tomb\u00e9\u00a0: dans le coma, perforation des poumons et tr\u00e9panation, le cerveau \u00e9tait touch\u00e9. S&rsquo;en sont suivis de longs mois d&rsquo;attente, l&rsquo;attente du r\u00e9veil (non \u00e7a n&rsquo;est pas toujours comme dans les t\u00e9l\u00e9films o\u00f9 le patient se r\u00e9veille comme une fleur apr\u00e8s un coma, non \u00e7a n&rsquo;est pas toujours comme \u00e7a), l&rsquo;attente du bilan des s\u00e9quelles. Mon p\u00e8re est rest\u00e9 quelques temps dans un centre, avec d&rsquo;autres traumatis\u00e9s cr\u00e2niens, souvent abandonn\u00e9s par leurs familles, parce que le r\u00e9veil est quelques fois terrible, le langage peut changer et \u00eatre rempli d&rsquo;insultes, la d\u00e9shinibition complique les relations&#8230;Tout ce temps, ma m\u00e8re a tenu bon, le handicap elle conna\u00eet, \u00e7a ne lui fait pas peur.<\/p>\n<p>Elle a voulu que mon p\u00e8re revienne \u00e0 la maison, une p\u00e9riode terrible, les s\u00e9quelles \u00e9taient lourdes (et d\u00e9finitives, mais on ne le savait pas \u00e0 l&rsquo;\u00e9poque, nous esp\u00e9rions encore), en fauteuil roulant, il ne peut pas parler, pas manger, et n&rsquo;a plus de m\u00e9moire courte, il se souvient de sa vie d&rsquo;avant, mais pas de ce qu&rsquo;il vit depuis. Ma m\u00e8re a travers\u00e9 tout \u00e7a, arr\u00eat\u00e9 de travaill\u00e9, endoss\u00e9 le r\u00f4le d&rsquo;infirmi\u00e8re et d&rsquo;\u00e9pouse, rencontr\u00e9 les avocats pour le proc\u00e8s de l&rsquo;automobiliste, g\u00e9r\u00e9 le retrait de mon p\u00e8re de son entreprise, g\u00e9r\u00e9 notre quotidien, g\u00e9r\u00e9 nos d\u00e9pressions \u00e0 mon fr\u00e8re et moi, g\u00e9r\u00e9 sa d\u00e9pression \u00e0 elle, g\u00e9r\u00e9 les reproches de ma grand-m\u00e8re pour qui rien n&rsquo;\u00e9tait assez bien pour son fils. Elle a aussi d\u00fb g\u00e9rer l&rsquo;agressivit\u00e9 (passag\u00e8re) de mon p\u00e8re, le regard si terrible des gens qui ne comprennent pas, les amis qui s&rsquo;\u00e9loignent, les appels aux pompiers, la r\u00e9\u00e9ducation, la d\u00e9pression et son envie de mourir quand il a r\u00e9alis\u00e9 son nouvel \u00e9tat et d\u00fb faire une croix sur son ancienne vie.<\/p>\n<p>Ca a dur\u00e9 5 ans, 5 ans de d\u00e9vouement quotidien, 24h\/24h, 7j\/7j. Vous vous demandez peut \u00eatre pourquoi elle ne s&rsquo;est pas fait aider\u00a0? Parce qu&rsquo;elle n&rsquo;avait droit \u00e0 aucune aide pour \u00e7a, heureusement elle a pu avoir des gens assez d\u00e9vou\u00e9s pour qu&rsquo;elle puisse s&rsquo;\u00e9clipser 1 heure ou 2 de temps en temps.<\/p>\n<p>Au bout de 5 ans, elle n&rsquo;a plus tenu, ses probl\u00e8mes de sant\u00e9 \u00e0 elle (elle souffre d&rsquo;acouph\u00e8nes, une maladie peu connue mais tr\u00e8s invalidante, le sifflement qu&rsquo;on a dans les oreilles apr\u00e8s un concert, elle l&rsquo;a tout le temps), la fatigue, le ras le bol&#8230;Nous avons d\u00e9cid\u00e9 de placer papa dans un centre, pour elle, pour qu&rsquo;elle puisse recommencer \u00e0 vivre, pour papa, parce que nous esp\u00e9rions qu&rsquo;il puisse \u00e9voluer dans un centre adapt\u00e9. L\u00e0 encore, le regard des gens a \u00e9t\u00e9 terrible, ma m\u00e8re abandonnait mon p\u00e8re, \u00e7a y est elle pourrait enfin vivre tranquillement hein\u00a0! Les gens sont tellement cons parfois.<\/p>\n<p>Il a fallu encore des mois et des mois pour que papa trouve un centre, il est pass\u00e9 dans diff\u00e9rents endroits, plus mal adapt\u00e9s les uns que les autres, par manque de place dans un centre pour traumatis\u00e9 cr\u00e2nien. Et puis un jour enfin&#8230;une place, dans un endroit parfait pour lui, avec des activit\u00e9s toutes les semaines, \u00e0 une heure de chez ma m\u00e8re, et 20 minutes de chez moi, avec des aides soignantes qui le stimulent quotidiennement, et il revient un week end sur deux chez lui. Rien n&rsquo;est r\u00e9gl\u00e9, il garde ses s\u00e9quelles, peut manger que tr\u00e8s peu et uniquement de la nourriture mix\u00e9e, sa m\u00e9moire est toujours endommag\u00e9e, il ne se souvient pas de mon mariage, du d\u00e9c\u00e8s de son meilleur ami&#8230;et son cerveau reste \u00ab\u00a0bloqu\u00e9\u00a0\u00bb, il peut nous poser 10 fois la m\u00eame question (il ne parle pas mais a une sorte de mini ordinateur par lequel il peut communiquer) sans se souvenir de nos r\u00e9ponses. Mais il est bien, a le sourire, et communique \u00e0 sa fa\u00e7on.<\/p>\n<p>Ma m\u00e8re nous a demand\u00e9 \u00e0 mon fr\u00e8re et moi de vivre notre vie, nous avions 18 et 21 ans au moment de l&rsquo;accident, toute la vie devant nous, mon p\u00e8re elle s&rsquo;en occupait et nous, nous devions nous occuper de nous. Apr\u00e8s tout \u00e7a, ma m\u00e8re trouve encore la force de se battre. Ma m\u00e8re ne s&rsquo;occupe plus des r\u00e9flexions si blessantes des autres, maintenant elle leur r\u00e9pond. Ma m\u00e8re g\u00e8re le quotidien, va voir mon p\u00e8re avec un immense sourire, a toujours un mot gentil pour les autres r\u00e9sidents, fait du yoga, de la piscine, a cr\u00e9\u00e9 un atelier lecture pour les enfants de mon ancien village, part en vacances seule (non sans mal et sans culpabilit\u00e9, mais elle le fait), recommence \u00e0 cuisiner, \u00e0 recevoir, un petit peu, \u00e0 venir nous voir mon mari et moi, juste pour un caf\u00e9 et papoter, ma m\u00e8re s&rsquo;offre des pulls en cachemire et d\u00e9cide elle-m\u00eame de sa vie. Bien s\u00fbr rien n&rsquo;est simple, elle pleure encore beaucoup, neuf ans apr\u00e8s, elle a beaucoup de mal \u00e0 avoir une vie sociale normale, parce qu&rsquo;elle en a \u00e9t\u00e9 priv\u00e9e pendant tr\u00e8s longtemps, et parce que quoiqu&rsquo;elle fasse, elle culpabilise de ne pas le faire avec, ou pour mon p\u00e8re, mais elle avance, et nous essayons mon fr\u00e8re et moi de la pousser. \u00a0Ma m\u00e8re, que j&rsquo;ai si durement jug\u00e9e pendant si longtemps est la femme la plus forte du monde, il m&rsquo;a fallu 27 ans pour le r\u00e9aliser.<\/p>\n<p>Sign\u00e9\u00a0: Scotchette\u00a0\u00bb<\/p>\n","protected":false},"excerpt":{"rendered":"<p>\u00ab\u00a0Ma m\u00e8re a longtemps \u00e9t\u00e9 une femme \u00ab\u00a0ordinaire\u00a0\u00bb. Institutrice dans un petit village, ses plaisirs \u00e9taient simples, s&rsquo;occuper de mon grand fr\u00e8re et de moi, faire du basket, voir des amis. Mon p\u00e8re, lui \u00e9tait&#8230;<br \/> <a class=\"read-more\" href=\"https:\/\/www.monblogdefille.com\/blog\/ma-mere-cette-heroine%e2%80%a6-par-scotchette\/\">Lire la suite \u00bb<\/a><\/p>\n","protected":false},"author":3,"featured_media":123973,"comment_status":"open","ping_status":"open","sticky":false,"template":"","format":"standard","meta":{"footnotes":""},"categories":[5377],"tags":[],"class_list":["post-126951","post","type-post","status-publish","format-standard","has-post-thumbnail","hentry","category-o-toi-lectrice"],"_links":{"self":[{"href":"https:\/\/www.monblogdefille.com\/blog\/wp-json\/wp\/v2\/posts\/126951","targetHints":{"allow":["GET"]}}],"collection":[{"href":"https:\/\/www.monblogdefille.com\/blog\/wp-json\/wp\/v2\/posts"}],"about":[{"href":"https:\/\/www.monblogdefille.com\/blog\/wp-json\/wp\/v2\/types\/post"}],"author":[{"embeddable":true,"href":"https:\/\/www.monblogdefille.com\/blog\/wp-json\/wp\/v2\/users\/3"}],"replies":[{"embeddable":true,"href":"https:\/\/www.monblogdefille.com\/blog\/wp-json\/wp\/v2\/comments?post=126951"}],"version-history":[{"count":0,"href":"https:\/\/www.monblogdefille.com\/blog\/wp-json\/wp\/v2\/posts\/126951\/revisions"}],"wp:featuredmedia":[{"embeddable":true,"href":"https:\/\/www.monblogdefille.com\/blog\/wp-json\/wp\/v2\/media\/123973"}],"wp:attachment":[{"href":"https:\/\/www.monblogdefille.com\/blog\/wp-json\/wp\/v2\/media?parent=126951"}],"wp:term":[{"taxonomy":"category","embeddable":true,"href":"https:\/\/www.monblogdefille.com\/blog\/wp-json\/wp\/v2\/categories?post=126951"},{"taxonomy":"post_tag","embeddable":true,"href":"https:\/\/www.monblogdefille.com\/blog\/wp-json\/wp\/v2\/tags?post=126951"}],"curies":[{"name":"wp","href":"https:\/\/api.w.org\/{rel}","templated":true}]}}