{"id":126783,"date":"2009-03-08T18:54:26","date_gmt":"2009-03-08T17:54:26","guid":{"rendered":"http:\/\/www.monblogdefille.com\/blog\/?p=126783"},"modified":"2012-03-04T16:06:28","modified_gmt":"2012-03-04T15:06:28","slug":"ma-peau-carbure-a-ca-nouvelle-version","status":"publish","type":"post","link":"https:\/\/www.monblogdefille.com\/blog\/ma-peau-carbure-a-ca-nouvelle-version\/","title":{"rendered":"Ma peau carbure \u00e0 \u00e7a, nouvelle version"},"content":{"rendered":"<p>Bon les girls, suite \u00e0 vos commentaires \u00e9plor\u00e9s, Webmaster Magique a fabriqu\u00e9 une cat\u00e9gorie especial pour la petite image dans la colonne de droite, par dates.<\/p>\n<p>Sauf qu&rsquo;on peut pas d\u00e9placer les commentaires depuis l&rsquo;article d&rsquo;origine. C&rsquo;est le merdier, je vous raconte pas, il y en a 557.<\/p>\n<p>Si je les copie moi-m\u00eame un par un, d\u00e9j\u00e0 \u00e7a va me prendre 1000 ans, ils seront pas \u00e0 la bonne date mais \u00e0 la limite on s&rsquo;en fout, mais surtout pour \u00e7a il faut que je me d\u00e9connecte de mon compte d&rsquo;administrateur du blog, sinon votre commentaire appara\u00eet en rose comme les miens\u00a0; mais comme de temps en temps il y a un commentaire \u00e0 moi dans le tas, il faut que je me reconnecte pour les copier sur fond rose.<\/p>\n<p>Bref, c&rsquo;est un merdier pas possible.<br \/>\nQu&rsquo;est-ce qu&rsquo;on fait\u00a0?<\/p>\n<p>Je vous rassure, j&rsquo;ai les 557 commentaires d&rsquo;origine hein, ils sont l\u00e0, sous le <a href=\"http:\/\/www.monblogdefille.com\/blog\/20090205en-ce-moment-ma-peau-carbure-a-ca\" target=\"_self\">billet d&rsquo;origine<\/a> aussi.<\/p>\n<p>Mais je vois pas comment les d\u00e9placer correctement vers les billets par dates&#8230; et je me vois pas laisser le biniou comme \u00e7a, pour une malade du classement comme moi, c&rsquo;est juste pas possible\u00a0;-)<\/p>\n<p><strong>Edit de 21h08 :<\/strong> voil\u00e0\u00e0\u00e0\u00e0\u00e0\u00e0\u00e0\u00e0\u00e0. Gr\u00e2ce \u00e0 Armalite j&rsquo;ai fait au mieux, c&rsquo;est pas l&rsquo;id\u00e9al mais je peux pas faire plus ;-)<\/p>\n","protected":false},"excerpt":{"rendered":"<p>Bon les girls, suite \u00e0 vos commentaires \u00e9plor\u00e9s, Webmaster Magique a fabriqu\u00e9 une cat\u00e9gorie especial pour la petite image dans la colonne de droite, par dates. Sauf qu&rsquo;on peut pas d\u00e9placer les commentaires depuis l&rsquo;article&#8230;<br \/> <a class=\"read-more\" href=\"https:\/\/www.monblogdefille.com\/blog\/ma-peau-carbure-a-ca-nouvelle-version\/\">Lire la suite \u00bb<\/a><\/p>\n","protected":false},"author":3,"featured_media":0,"comment_status":"open","ping_status":"open","sticky":false,"template":"","format":"standard","meta":{"footnotes":""},"categories":[20028,1489],"tags":[],"class_list":["post-126783","post","type-post","status-publish","format-standard","hentry","category-en-ce-moment-ma-peau-carbure-a-ca","category-le-soin"],"_links":{"self":[{"href":"https:\/\/www.monblogdefille.com\/blog\/wp-json\/wp\/v2\/posts\/126783","targetHints":{"allow":["GET"]}}],"collection":[{"href":"https:\/\/www.monblogdefille.com\/blog\/wp-json\/wp\/v2\/posts"}],"about":[{"href":"https:\/\/www.monblogdefille.com\/blog\/wp-json\/wp\/v2\/types\/post"}],"author":[{"embeddable":true,"href":"https:\/\/www.monblogdefille.com\/blog\/wp-json\/wp\/v2\/users\/3"}],"replies":[{"embeddable":true,"href":"https:\/\/www.monblogdefille.com\/blog\/wp-json\/wp\/v2\/comments?post=126783"}],"version-history":[{"count":0,"href":"https:\/\/www.monblogdefille.com\/blog\/wp-json\/wp\/v2\/posts\/126783\/revisions"}],"wp:attachment":[{"href":"https:\/\/www.monblogdefille.com\/blog\/wp-json\/wp\/v2\/media?parent=126783"}],"wp:term":[{"taxonomy":"category","embeddable":true,"href":"https:\/\/www.monblogdefille.com\/blog\/wp-json\/wp\/v2\/categories?post=126783"},{"taxonomy":"post_tag","embeddable":true,"href":"https:\/\/www.monblogdefille.com\/blog\/wp-json\/wp\/v2\/tags?post=126783"}],"curies":[{"name":"wp","href":"https:\/\/api.w.org\/{rel}","templated":true}]}}