{"id":126699,"date":"2009-03-06T11:17:36","date_gmt":"2009-03-06T10:17:36","guid":{"rendered":"http:\/\/www.monblogdefille.com\/blog\/?p=126699"},"modified":"2009-03-08T12:33:20","modified_gmt":"2009-03-08T11:33:20","slug":"troc-a-toulouse-le-14-mars","status":"publish","type":"post","link":"https:\/\/www.monblogdefille.com\/blog\/troc-a-toulouse-le-14-mars\/","title":{"rendered":"Troc \u00e0 Toulouse le 14 mars !"},"content":{"rendered":"<p class=\"MsoNormal\"><span style=\"font-size: 10pt; font-family: Arial;\"><img loading=\"lazy\" decoding=\"async\" class=\"alignnone size-full wp-image-126700\" title=\"toulouse\" src=\"http:\/\/www.monblogdefille.com\/blog\/wp-content\/uploads\/2009\/03\/toulouse.jpg\" alt=\"toulouse\" width=\"250\" height=\"166\" align=\"left\" \/>\u00ab\u00a0Salut les filles\u00a0!<\/span><\/p>\n<p class=\"MsoNormal\"><span style=\"font-size: 10pt; font-family: Arial;\">Ici l&rsquo;antenne toulousaine de MBDF&#8230;<\/span><\/p>\n<p class=\"MsoNormal\"><span style=\"font-size: 10pt; font-family: Arial;\">On organise un go\u00fbter &#8211; troc le samedi 14 mars \u00e0 15h, chez Yanjiao (dans le centre ville de Toulouse&#8230;).<\/span><\/p>\n<p class=\"MsoNormal\"><span style=\"font-size: 10pt; font-family: Arial;\">On serait tr\u00e8s heureuse de partager \u00e7a avec des lectrices de Mon Blog de Fille&#8230;<\/span><\/p>\n<p class=\"MsoNormal\"><span style=\"font-size: 10pt; font-family: Arial;\">Plus la peine de pr\u00e9ciser qu&rsquo;on troque maquillage, cosm\u00e9tiques et v\u00eatements, en bon \u00e9tat&#8230;<br \/>\nles muffins, les saucissons et leurs amis seront accueillis \u00e0 bras ouverts (Anne C\u00e9 dit m\u00eame \u00ab\u00a0y&rsquo;a pas d&rsquo;heure pour le pinard\u00a0\u00bb).<\/span>\n<\/p>\n<p class=\"MsoNormal\"><span style=\"font-size: 10pt; font-family: Arial;\">Bienvenue \u00e0 toutes :-))<\/span><\/p>\n<p class=\"MsoNormal\"><span style=\"font-size: 10pt; font-family: Arial;\">Sign\u00e9\u00a0: Anne C\u00e9 et Yanjiao.<\/span><\/p>\n<p class=\"MsoNormal\"><span style=\"font-size: 10pt; font-family: Arial;\">PS : pensez \u00e0 <a href=\"mailto:helene.legastelois@noos.fr\" target=\"_self\">envoyer un mail \u00e0 H\u00e9l\u00e8ne<\/a> pour qu\u2019elle puisse nous mettre en relation&#8230;\u00a0\u00bb<\/span><\/p>\n","protected":false},"excerpt":{"rendered":"<p>\u00ab\u00a0Salut les filles\u00a0! Ici l&rsquo;antenne toulousaine de MBDF&#8230; On organise un go\u00fbter &#8211; troc le samedi 14 mars \u00e0 15h, chez Yanjiao (dans le centre ville de Toulouse&#8230;). On serait tr\u00e8s heureuse de partager \u00e7a&#8230;<br \/> <a class=\"read-more\" href=\"https:\/\/www.monblogdefille.com\/blog\/troc-a-toulouse-le-14-mars\/\">Lire la suite \u00bb<\/a><\/p>\n","protected":false},"author":3,"featured_media":126700,"comment_status":"open","ping_status":"open","sticky":false,"template":"","format":"standard","meta":{"footnotes":""},"categories":[1],"tags":[19942],"class_list":["post-126699","post","type-post","status-publish","format-standard","has-post-thumbnail","hentry","category-uncategorized","tag-troc"],"_links":{"self":[{"href":"https:\/\/www.monblogdefille.com\/blog\/wp-json\/wp\/v2\/posts\/126699","targetHints":{"allow":["GET"]}}],"collection":[{"href":"https:\/\/www.monblogdefille.com\/blog\/wp-json\/wp\/v2\/posts"}],"about":[{"href":"https:\/\/www.monblogdefille.com\/blog\/wp-json\/wp\/v2\/types\/post"}],"author":[{"embeddable":true,"href":"https:\/\/www.monblogdefille.com\/blog\/wp-json\/wp\/v2\/users\/3"}],"replies":[{"embeddable":true,"href":"https:\/\/www.monblogdefille.com\/blog\/wp-json\/wp\/v2\/comments?post=126699"}],"version-history":[{"count":0,"href":"https:\/\/www.monblogdefille.com\/blog\/wp-json\/wp\/v2\/posts\/126699\/revisions"}],"wp:featuredmedia":[{"embeddable":true,"href":"https:\/\/www.monblogdefille.com\/blog\/wp-json\/wp\/v2\/media\/126700"}],"wp:attachment":[{"href":"https:\/\/www.monblogdefille.com\/blog\/wp-json\/wp\/v2\/media?parent=126699"}],"wp:term":[{"taxonomy":"category","embeddable":true,"href":"https:\/\/www.monblogdefille.com\/blog\/wp-json\/wp\/v2\/categories?post=126699"},{"taxonomy":"post_tag","embeddable":true,"href":"https:\/\/www.monblogdefille.com\/blog\/wp-json\/wp\/v2\/tags?post=126699"}],"curies":[{"name":"wp","href":"https:\/\/api.w.org\/{rel}","templated":true}]}}