{"id":126430,"date":"2009-02-22T12:32:14","date_gmt":"2009-02-22T11:32:14","guid":{"rendered":"http:\/\/www.monblogdefille.com\/blog\/?p=126430"},"modified":"2013-12-11T18:48:20","modified_gmt":"2013-12-11T17:48:20","slug":"les-pensees-de-marlena","status":"publish","type":"post","link":"https:\/\/www.monblogdefille.com\/blog\/les-pensees-de-marlena\/","title":{"rendered":"Les pens\u00e9es de Marlena"},"content":{"rendered":"<p class=\"MsoNormal\"><span style=\"text-decoration: underline;\"><strong><span style=\"font-size: 11pt; font-family: Arial;\">L\u2019original <a href=\"http:\/\/www.makeupgeek.com\/tutorials\/purple-poseys\/\" target=\"_blank\" rel=\"noopener\">est ici<\/a>.<\/span><\/strong><\/span><\/p>\n<p><iframe loading=\"lazy\" width=\"940\" height=\"705\" src=\"https:\/\/www.youtube.com\/embed\/p4oPYtf9qEo?feature=oembed\" frameborder=\"0\" allowfullscreen><\/iframe> <\/p>\n<p><iframe loading=\"lazy\" width=\"940\" height=\"705\" src=\"https:\/\/www.youtube.com\/embed\/JX1wTfXmcSg?feature=oembed\" frameborder=\"0\" allowfullscreen><\/iframe> <\/p>\n<p class=\"MsoNormal\"><span style=\"text-decoration: underline;\"><span style=\"font-size: 10pt; font-family: Arial;\" lang=\"EN-GB\">Teint <\/span><\/span><\/p>\n<p class=\"MsoNormal\"><span style=\"font-size: 10pt; font-family: Arial;\" lang=\"EN-GB\"> <\/span><\/p>\n<p class=\"MsoNormal\"><span style=\"font-size: 10pt; font-family: Arial;\">Gomme de comblement Filorga (en base, sur tout le visage)<\/span><\/p>\n<p class=\"MsoNormal\"><span style=\"font-size: 10pt; font-family: Arial;\"> <\/span><\/p>\n<p class=\"MsoNormal\"><span style=\"font-size: 10pt; font-family: Arial;\">Fond de teint fluide Av\u00e8ne Couvrance 02 Naturel<\/span><\/p>\n<p class=\"MsoNormal\"><span style=\"font-size: 10pt; font-family: Arial;\"> <\/span><\/p>\n<p class=\"MsoNormal\"><span style=\"font-size: 10pt; font-family: Arial;\">Poudre compacte Cargo Blu Ray<\/span><\/p>\n<p class=\"MsoNormal\"><span style=\"font-size: 10pt; font-family: Arial;\"> <\/span><\/p>\n<p class=\"MsoNormal\"><span style=\"font-size: 10pt; font-family: Arial;\">Blush MAC Dainty<\/span><\/p>\n<p class=\"MsoNormal\"><span style=\"font-size: 10pt; font-family: Arial;\"> <\/span><\/p>\n<p class=\"MsoNormal\"><span style=\"font-size: 10pt; font-family: Arial;\"> <\/span><\/p>\n<p class=\"MsoNormal\"><span style=\"text-decoration: underline;\"><span style=\"font-size: 10pt; font-family: Arial;\">Yeux <\/span><\/span><\/p>\n<p class=\"MsoNormal\"><span style=\"font-size: 10pt; font-family: Arial;\"> <\/span><\/p>\n<p class=\"MsoNormal\"><span style=\"font-size: 10pt; font-family: Arial;\">Paintpot MAC Painterly<\/span><\/p>\n<p class=\"MsoNormal\"><span style=\"font-size: 10pt; font-family: Arial;\"> <\/span><\/p>\n<p class=\"MsoNormal\"><span style=\"font-size: 10pt; font-family: Arial;\">Fard poudre Shu Uemura Blanc 910 (blanc pur mat)<\/span><\/p>\n<p class=\"MsoNormal\"><span style=\"font-size: 10pt; font-family: Arial;\"> <\/span><\/p>\n<p class=\"MsoNormal\"><span style=\"font-size: 10pt; font-family: Arial;\">Fard poudre MAC Parfait Amour (mauve iris\u00e9)<\/span><\/p>\n<p class=\"MsoNormal\"><span style=\"font-size: 10pt; font-family: Arial;\"> <\/span><\/p>\n<p class=\"MsoNormal\"><span style=\"font-size: 10pt; font-family: Arial;\">Fard poudre MAC Contrast (bleu tr\u00e8s fonc\u00e9 \u00e0 peine satin\u00e9)<\/span><\/p>\n<p class=\"MsoNormal\"><span style=\"font-size: 10pt; font-family: Arial;\"> <\/span><\/p>\n<p class=\"MsoNormal\"><span style=\"font-size: 10pt; font-family: Arial;\">Fard poudre MAC Fig (violet-prune mat)<\/span><\/p>\n<p class=\"MsoNormal\"><span style=\"font-size: 10pt; font-family: Arial;\"> <\/span><\/p>\n<p class=\"MsoNormal\"><span style=\"font-size: 10pt; font-family: Arial;\">Fard poudre MAC Vanilla (blanc cr\u00e8me) <\/span><\/p>\n<p class=\"MsoNormal\"><span style=\"font-size: 10pt; font-family: Arial;\"> <\/span><\/p>\n<p class=\"MsoNormal\"><span style=\"font-size: 10pt; font-family: Arial;\" lang=\"EN-GB\">Fard poudre MAC Chrome Yellow (jaune d\u2019or)<\/span><\/p>\n<p class=\"MsoNormal\"><span style=\"font-size: 10pt; font-family: Arial;\" lang=\"EN-GB\"> <\/span><\/p>\n<p class=\"MsoNormal\"><span style=\"font-size: 10pt; font-family: Arial;\" lang=\"EN-GB\">Crayon Make Up Forever Aqua Eyes 0L (noir)<\/span><\/p>\n<p class=\"MsoNormal\"><span style=\"font-size: 10pt; font-family: Arial;\" lang=\"EN-GB\"> <\/span><\/p>\n<p class=\"MsoNormal\"><span style=\"font-size: 10pt; font-family: Arial;\">Eye liner cr\u00e8me MAC Blacktrack (noir)<\/span><\/p>\n<p class=\"MsoNormal\"><span style=\"font-size: 10pt; font-family: Arial;\" lang=\"EN-GB\"> <\/span><\/p>\n<p class=\"MsoNormal\"><span style=\"font-size: 10pt; font-family: Arial;\" lang=\"EN-GB\">Mascara noir Make Up Forever Smoky Lash<\/span><\/p>\n<p class=\"MsoNormal\"><span style=\"font-size: 10pt; font-family: Arial;\" lang=\"EN-GB\"> <\/span><\/p>\n<p class=\"MsoNormal\"><span style=\"font-size: 10pt; font-family: Arial;\" lang=\"EN-GB\"> <\/span><\/p>\n<p class=\"MsoNormal\"><span style=\"text-decoration: underline;\"><span style=\"font-size: 10pt; font-family: Arial;\">L\u00e8vres <\/span><\/span><\/p>\n<p class=\"MsoNormal\"><span style=\"font-size: 10pt; font-family: Arial;\"> <\/span><\/p>\n<p class=\"MsoNormal\"><span style=\"font-size: 10pt; font-family: Arial;\">Rouge \u00e0 l\u00e8vres liquide Make Up Forever n\u00b0 12<\/span><\/p>\n<p class=\"MsoNormal\"><span style=\"text-decoration: underline;\"><span style=\"font-size: 10pt; font-family: Arial;\">Pinceaux<\/span><\/span><\/p>\n<p class=\"MsoNormal\"><span style=\"font-size: 10pt; font-family: Arial;\">239 MAC<\/span><\/p>\n<p class=\"MsoNormal\"><span style=\"font-size: 10pt; font-family: Arial;\">Petit biseaut\u00e9 Coastal Scents<\/span><\/p>\n<p class=\"MsoNormal\"><span style=\"font-size: 10pt; font-family: Arial;\">Estompeur Coastal Scents<\/span><\/p>\n<p class=\"MsoNormal\"><span style=\"font-size: 10pt; font-family: Arial;\">224 MAC<\/span><\/p>\n<p class=\"MsoNormal\"><span style=\"font-size: 10pt; font-family: Arial;\">Liner coud\u00e9 Coastal Scents<\/span><\/p>\n<p class=\"MsoNormal\"><span style=\"font-size: 10pt; font-family: Arial;\">5S Make Up Forever<br \/>\n<\/span>\n<\/p>\n<p class=\"MsoNormal\"><span style=\"font-size: 10pt; font-family: Arial;\"><img loading=\"lazy\" decoding=\"async\" class=\"alignnone size-full wp-image-126431\" title=\"les-pensees-de-marlena-photos-6\" src=\"http:\/\/www.monblogdefille.com\/blog\/wp-content\/uploads\/2009\/02\/les-pensees-de-marlena-photos-6.jpg\" alt=\"les-pensees-de-marlena-photos-6\" width=\"500\" height=\"232\" \/><\/span><\/p>\n<p class=\"MsoNormal\"><span style=\"font-size: 10pt; font-family: Arial;\"><img loading=\"lazy\" decoding=\"async\" class=\"alignnone size-full wp-image-126432\" title=\"les-pensees-de-marlena-photos-4\" src=\"http:\/\/www.monblogdefille.com\/blog\/wp-content\/uploads\/2009\/02\/les-pensees-de-marlena-photos-4.jpg\" alt=\"les-pensees-de-marlena-photos-4\" width=\"500\" height=\"230\" \/><\/span><\/p>\n<p class=\"MsoNormal\"><span style=\"font-size: 10pt; font-family: Arial;\"><img loading=\"lazy\" decoding=\"async\" class=\"alignnone size-full wp-image-126433\" title=\"les-pensees-de-marlena-photos-5\" src=\"http:\/\/www.monblogdefille.com\/blog\/wp-content\/uploads\/2009\/02\/les-pensees-de-marlena-photos-5.jpg\" alt=\"les-pensees-de-marlena-photos-5\" width=\"500\" height=\"245\" \/><\/span><\/p>\n<p class=\"MsoNormal\"><span style=\"font-size: 10pt; font-family: Arial;\"><img loading=\"lazy\" decoding=\"async\" class=\"alignnone size-full wp-image-126434\" title=\"les-pensees-de-marlena-photos-3\" src=\"http:\/\/www.monblogdefille.com\/blog\/wp-content\/uploads\/2009\/02\/les-pensees-de-marlena-photos-3.jpg\" alt=\"les-pensees-de-marlena-photos-3\" width=\"500\" height=\"251\" \/><\/span><\/p>\n<p class=\"MsoNormal\"><span style=\"font-size: 10pt; font-family: Arial;\"><img loading=\"lazy\" decoding=\"async\" class=\"alignnone size-full wp-image-126435\" title=\"les-pensees-de-marlena-photos-1\" src=\"http:\/\/www.monblogdefille.com\/blog\/wp-content\/uploads\/2009\/02\/les-pensees-de-marlena-photos-1.jpg\" alt=\"les-pensees-de-marlena-photos-1\" width=\"500\" height=\"250\" \/><br \/>\n<\/span><\/p>\n","protected":false},"excerpt":{"rendered":"<p><strong>POUR VOIR LA VIDEO,<a href=\"http:\/\/www.monblogdefille.com\/blog\/les-pensees-de-marlena\" target=\"_self\"> CLIQUEZ ICI<\/a><\/strong><\/p>\n<p><img loading=\"lazy\" decoding=\"async\" class=\"alignnone size-full wp-image-126431\" title=\"les-pensees-de-marlena-photos-6\" src=\"http:\/\/www.monblogdefille.com\/blog\/wp-content\/uploads\/2009\/02\/les-pensees-de-marlena-photos-6.jpg\" alt=\"les-pensees-de-marlena-photos-6\" width=\"500\" height=\"232\" \/><\/p>\n","protected":false},"author":3,"featured_media":126431,"comment_status":"open","ping_status":"open","sticky":false,"template":"","format":"standard","meta":{"footnotes":""},"categories":[20123,1485,19978],"tags":[20036],"class_list":["post-126430","post","type-post","status-publish","format-standard","has-post-thumbnail","hentry","category-couleurs","category-le-maquillage","category-videos","tag-videos-maquillage"],"_links":{"self":[{"href":"https:\/\/www.monblogdefille.com\/blog\/wp-json\/wp\/v2\/posts\/126430","targetHints":{"allow":["GET"]}}],"collection":[{"href":"https:\/\/www.monblogdefille.com\/blog\/wp-json\/wp\/v2\/posts"}],"about":[{"href":"https:\/\/www.monblogdefille.com\/blog\/wp-json\/wp\/v2\/types\/post"}],"author":[{"embeddable":true,"href":"https:\/\/www.monblogdefille.com\/blog\/wp-json\/wp\/v2\/users\/3"}],"replies":[{"embeddable":true,"href":"https:\/\/www.monblogdefille.com\/blog\/wp-json\/wp\/v2\/comments?post=126430"}],"version-history":[{"count":0,"href":"https:\/\/www.monblogdefille.com\/blog\/wp-json\/wp\/v2\/posts\/126430\/revisions"}],"wp:featuredmedia":[{"embeddable":true,"href":"https:\/\/www.monblogdefille.com\/blog\/wp-json\/wp\/v2\/media\/126431"}],"wp:attachment":[{"href":"https:\/\/www.monblogdefille.com\/blog\/wp-json\/wp\/v2\/media?parent=126430"}],"wp:term":[{"taxonomy":"category","embeddable":true,"href":"https:\/\/www.monblogdefille.com\/blog\/wp-json\/wp\/v2\/categories?post=126430"},{"taxonomy":"post_tag","embeddable":true,"href":"https:\/\/www.monblogdefille.com\/blog\/wp-json\/wp\/v2\/tags?post=126430"}],"curies":[{"name":"wp","href":"https:\/\/api.w.org\/{rel}","templated":true}]}}