{"id":126195,"date":"2009-02-05T01:01:48","date_gmt":"2009-02-05T00:01:48","guid":{"rendered":"http:\/\/www.monblogdefille.com\/blog\/?p=126195"},"modified":"2012-03-04T16:10:03","modified_gmt":"2012-03-04T15:10:03","slug":"en-ce-moment-ma-peau-carbure-a-ca","status":"publish","type":"post","link":"https:\/\/www.monblogdefille.com\/blog\/en-ce-moment-ma-peau-carbure-a-ca\/","title":{"rendered":"En ce moment, ma peau carbure \u00e0 \u00e7a"},"content":{"rendered":"<p class=\"MsoNormal\"><span style=\"font-size: 10pt; font-family: Arial;\">Avant le 5 f\u00e9vrier, ma peau carburait \u00e0 \u00e7a&#8230;<br \/>\n<\/span>\n<\/p>\n<p class=\"MsoNormal\"><span style=\"font-size: 10pt; font-family: Arial;\">5 f\u00e9vrier 2009<\/span><\/p>\n<p class=\"MsoNormal\"><span style=\"font-size: 10pt; font-family: Arial;\"><img loading=\"lazy\" decoding=\"async\" class=\"alignnone size-full wp-image-126186\" title=\"ma-peau-carbure-a-ca-1\" src=\"http:\/\/www.monblogdefille.com\/blog\/wp-content\/uploads\/2009\/02\/ma-peau-carbure-a-ca-1.jpg\" alt=\"ma-peau-carbure-a-ca-1\" width=\"300\" height=\"400\" \/><\/span><\/p>\n<p class=\"MsoNormal\"><span style=\"font-size: 10pt; font-family: Arial;\">Washing Menard Tsukika, lotion micellaire Av\u00e8ne, cr\u00e8me Filorga Neocica, cr\u00e8me Aderma Epith\u00e9laile<br \/>\n<\/span>\n<\/p>\n<p class=\"MsoNormal\"><span style=\"font-size: 10pt; font-family: Arial;\">&#8212;&#8212;&#8212;&#8212;&#8212;&#8212;&#8212;&#8212;&#8212;&#8212;&#8212;&#8212;&#8212;&#8212;&#8212;&#8212;&#8212;&#8212;&#8212;&#8212;&#8212;&#8212;&#8212;&#8212;&#8212;<\/span><\/p>\n<p class=\"MsoNormal\"><span style=\"font-size: 10pt; font-family: Arial;\">10 f\u00e9vier 2009<\/span><\/p>\n<p class=\"MsoNormal\"><span style=\"font-size: 10pt; font-family: Arial;\"><img loading=\"lazy\" decoding=\"async\" class=\"alignnone size-full wp-image-126269\" title=\"ma-peau-carbure-2\" src=\"http:\/\/www.monblogdefille.com\/blog\/wp-content\/uploads\/2009\/02\/ma-peau-carbure-2.jpg\" alt=\"ma-peau-carbure-2\" width=\"300\" height=\"400\" \/><\/span><\/p>\n<p class=\"MsoNormal\"><span style=\"font-size: 10pt; font-family: Arial;\">Biafine, \u00e9mulsion corporelle au Cold Cream Av\u00e8ne, cr\u00e8me pour les mains au Cold Cream Av\u00e8ne, S\u00e9rum anti-\u00e2ge Nosoderm<br \/>\n<\/span>\n<\/p>\n<p class=\"MsoNormal\"><span style=\"font-size: 10pt; font-family: Arial;\">&#8212;&#8212;&#8212;&#8212;&#8212;&#8212;&#8212;&#8212;&#8212;&#8212;&#8212;&#8212;&#8212;&#8212;&#8212;&#8212;&#8212;&#8212;&#8212;&#8212;&#8212;&#8212;&#8212;&#8212;&#8212;<\/span><\/p>\n<p class=\"MsoNormal\"><span style=\"font-size: 10pt; font-family: Arial;\">13 f\u00e9vrier 2009<\/span><\/p>\n<p class=\"MsoNormal\"><img loading=\"lazy\" decoding=\"async\" class=\"alignnone size-full wp-image-126307\" title=\"ma-peau-carbure-3\" src=\"http:\/\/www.monblogdefille.com\/blog\/wp-content\/uploads\/2009\/02\/ma-peau-carbure-3.jpg\" alt=\"ma-peau-carbure-3\" width=\"300\" height=\"400\" \/><\/p>\n<p class=\"MsoNormal\"><span style=\"font-size: 10pt; font-family: Arial;\">Huile d\u00e9maquillante Noviderm Isotheliale, d\u00e9maquillant pour les yeux Make Up Forever Sens&rsquo;Eyes, eau florale bio \u00e0 la rose Au Nom de la Rose, d\u00e9maquillant doux pour les yeux Av\u00e8ne<\/span><\/p>\n<p class=\"MsoNormal\"><span style=\"font-size: 10pt; font-family: Arial;\">&#8212;&#8212;&#8212;&#8212;&#8212;&#8212;&#8212;&#8212;&#8212;&#8212;&#8212;&#8212;&#8212;&#8212;&#8212;&#8212;&#8212;&#8212;&#8212;&#8212;&#8212;&#8212;&#8212;&#8212;&#8212;<\/span><\/p>\n<p class=\"MsoNormal\"><span style=\"font-size: 10pt; font-family: Arial;\">19 f\u00e9vrier 2009<br \/>\n<\/span>\n<\/p>\n<p class=\"MsoNormal\"><span style=\"font-size: 10pt; font-family: Arial;\"><img loading=\"lazy\" decoding=\"async\" class=\"alignnone size-full wp-image-126412\" title=\"ma-peau-carbure-4\" src=\"http:\/\/www.monblogdefille.com\/blog\/wp-content\/uploads\/2009\/02\/ma-peau-carbure-4.jpg\" alt=\"ma-peau-carbure-4\" width=\"300\" height=\"400\" \/><\/span><\/p>\n<p class=\"MsoNormal\"><span style=\"font-size: 10pt; font-family: Arial;\">D\u00e9mauillant pour les yeux Sens&rsquo;Eyes de Make Up Forever, cr\u00e8me d\u00e9maquillante So Divine de Make Up Forever, Washing Menard (toujours !), huile d&rsquo;argan Gal\u00e9nic (sur les cheveux, une nuit par semaine), C\u00e8rme Edelweiss les Fermes de Marie, Cr\u00e8me contour des yeux Louis Widmer<\/span><\/p>\n<p class=\"MsoNormal\"><span style=\"font-size: 10pt; font-family: Arial;\">&#8212;&#8212;&#8212;&#8212;&#8212;&#8212;&#8212;&#8212;&#8212;&#8212;&#8212;&#8212;&#8212;&#8212;&#8212;&#8212;&#8212;&#8212;&#8212;&#8212;&#8212;&#8212;&#8212;&#8212;&#8211;<\/span><\/p>\n<p class=\"MsoNormal\"><span style=\"font-size: 10pt; font-family: Arial;\">24 f\u00e9vrier 2009<\/span><\/p>\n<p class=\"MsoNormal\"><span style=\"font-size: 10pt; font-family: Arial;\"><img loading=\"lazy\" decoding=\"async\" class=\"alignnone size-full wp-image-126459\" title=\"ma-peau-carbure-5\" src=\"http:\/\/www.monblogdefille.com\/blog\/wp-content\/uploads\/2009\/02\/ma-peau-carbure-5.jpg\" alt=\"ma-peau-carbure-5\" width=\"300\" height=\"400\" \/><\/span><\/p>\n<p class=\"MsoNormal\"><span style=\"font-size: 10pt; font-family: Arial;\">Pfff, ma peau a pas support\u00e9 la cr\u00e8me des Fermes de Marie, je suis repass\u00e9e \u00e0 Av\u00e8ne.<\/span><\/p>\n<p class=\"MsoNormal\"><span style=\"font-size: 10pt; font-family: Arial;\">Pour le d\u00e9maquillage, toujours MUFE et Av\u00e8ne (merde, j&rsquo;ai oubli\u00e9 le tube de Washing Menard) ; visage nuit avec Eluage cr\u00e8me riche et contour des yeux Louis Widmer (me br\u00fble un peu les yeux mais j&rsquo;adore trop la texture et l&rsquo;odeur) ; visage jour avec Hydrance Optimale Riche et contour des yeux idem. Corps : beurre corporel Yes to carrots.<br \/>\n<\/span><\/p>\n<p class=\"MsoNormal\"><span style=\"font-size: 10pt; font-family: Arial;\">&#8212;&#8212;&#8212;&#8212;&#8212;&#8212;&#8212;&#8212;&#8212;&#8212;&#8212;&#8212;&#8212;&#8212;&#8212;&#8212;&#8212;&#8212;&#8212;&#8212;&#8212;&#8212;&#8212;&#8212;&#8212;<br \/>\n<\/span><\/p>\n","protected":false},"excerpt":{"rendered":"<p><strong>CLIQUEZ SUR LE TITRE POUR ACCEDER AU TEXTE ET AUX COMMENTAIRES.<\/strong><\/p>\n","protected":false},"author":3,"featured_media":126186,"comment_status":"open","ping_status":"open","sticky":false,"template":"","format":"standard","meta":{"footnotes":""},"categories":[20028,1489],"tags":[20064,19989,20109,20089],"class_list":["post-126195","post","type-post","status-publish","format-standard","has-post-thumbnail","hentry","category-en-ce-moment-ma-peau-carbure-a-ca","category-le-soin","tag-anti-rides","tag-contour-des-yeux","tag-demaquillage","tag-hydratation"],"_links":{"self":[{"href":"https:\/\/www.monblogdefille.com\/blog\/wp-json\/wp\/v2\/posts\/126195","targetHints":{"allow":["GET"]}}],"collection":[{"href":"https:\/\/www.monblogdefille.com\/blog\/wp-json\/wp\/v2\/posts"}],"about":[{"href":"https:\/\/www.monblogdefille.com\/blog\/wp-json\/wp\/v2\/types\/post"}],"author":[{"embeddable":true,"href":"https:\/\/www.monblogdefille.com\/blog\/wp-json\/wp\/v2\/users\/3"}],"replies":[{"embeddable":true,"href":"https:\/\/www.monblogdefille.com\/blog\/wp-json\/wp\/v2\/comments?post=126195"}],"version-history":[{"count":0,"href":"https:\/\/www.monblogdefille.com\/blog\/wp-json\/wp\/v2\/posts\/126195\/revisions"}],"wp:featuredmedia":[{"embeddable":true,"href":"https:\/\/www.monblogdefille.com\/blog\/wp-json\/wp\/v2\/media\/126186"}],"wp:attachment":[{"href":"https:\/\/www.monblogdefille.com\/blog\/wp-json\/wp\/v2\/media?parent=126195"}],"wp:term":[{"taxonomy":"category","embeddable":true,"href":"https:\/\/www.monblogdefille.com\/blog\/wp-json\/wp\/v2\/categories?post=126195"},{"taxonomy":"post_tag","embeddable":true,"href":"https:\/\/www.monblogdefille.com\/blog\/wp-json\/wp\/v2\/tags?post=126195"}],"curies":[{"name":"wp","href":"https:\/\/api.w.org\/{rel}","templated":true}]}}